{"id":7113,"date":"2020-09-24T09:19:52","date_gmt":"2020-09-24T07:19:52","guid":{"rendered":"https:\/\/metalica.lu\/blog\/se-proteger-du-soleil-interieur-maison\/"},"modified":"2026-04-07T07:54:39","modified_gmt":"2026-04-07T05:54:39","slug":"se-proteger-du-soleil-interieur-maison","status":"publish","type":"post","link":"https:\/\/metalica.lu\/de\/se-proteger-du-soleil-interieur-maison\/","title":{"rendered":"Comment se prot\u00e9ger du soleil \u00e0 l&#8217;int\u00e9rieur de sa maison ?"},"content":{"rendered":"<p><span style=\"font-weight: 400;\">\u00catre \u00e0 l&#8217;abri du soleil et des fortes temp\u00e9ratures dans son habitat fait <\/span><span style=\"font-weight: 400;\">partie int\u00e9grante des\u00a0 nouveaux proc\u00e9d\u00e9s techniques de fabrication.<\/span><span style=\"font-weight: 400;\"> Les <\/span><b>syst\u00e8mes de protection solaire <\/b><span style=\"font-weight: 400;\">procurent une ambiance agr\u00e9able ainsi qu&#8217;une gestion optimale et active de la lumi\u00e8re du soleil. Alliant <\/span><b>efficacit\u00e9 \u00e9nerg\u00e9tique <\/b><span style=\"font-weight: 400;\">et <\/span><b>gestion climatique <\/b><span style=\"font-weight: 400;\">des maisons individuelles, pergolas, stores et screens offrent \u00e0 votre <\/span><span style=\"font-weight: 400;\">terrasse<\/span><span style=\"font-weight: 400;\"> priv\u00e9e esth\u00e9tisme et protection contre les intemp\u00e9ries et les regards indiscrets. Comment <\/span><b>se prot\u00e9ger du soleil <\/b><span style=\"font-weight: 400;\">chez soi ? On vous en dit plus sur nos solutions actuellement disponibles sur le march\u00e9.\u00a0<\/span><\/p>\n<h2>La nouvelle g\u00e9n\u00e9ration de stores ext\u00e9rieurs<\/h2>\n<p><span style=\"font-weight: 400;\">La nouvelle gamme pr\u00e9sente sur le march\u00e9 r\u00e9pond aux besoins esth\u00e9tiques et aux sp\u00e9cificit\u00e9s des diff\u00e9rents types de maisons.\u00a0<\/span><\/p>\n<p><span style=\"font-weight: 400;\">Un syst\u00e8me de protection solaire parfaitement fonctionnel est compos\u00e9 de plusieurs \u00e9l\u00e9ments de base :<\/span><\/p>\n<ul>\n<li style=\"font-weight: 400;\"><span style=\"font-weight: 400;\">vitrage thermo-isolant ;<\/span><\/li>\n<li style=\"font-weight: 400;\"><span style=\"font-weight: 400;\">protection thermique ext\u00e9rieure ;<\/span><\/li>\n<li style=\"font-weight: 400;\"><span style=\"font-weight: 400;\">protection int\u00e9rieure contre les \u00e9blouissements ;<\/span><\/li>\n<li style=\"font-weight: 400;\"><span style=\"font-weight: 400;\">commande intelligente.\u00a0<\/span><\/li>\n<\/ul>\n<p><span style=\"font-weight: 400;\">Que vous souhaitiez r\u00e9guler la luminosit\u00e9, obtenir une obscurit\u00e9 totale ou normaliser la chaleur, les stores ext\u00e9rieurs actuels r\u00e9pondront parfaitement \u00e0 vos attentes.\u00a0<\/span><\/p>\n<h2>Brise-soleil d&#8217;occultation \u00e0 lames orientables<\/h2>\n<p><span style=\"font-weight: 400;\">Les brise-soleil orientables Warema apportent \u00e0 votre int\u00e9rieur une ambiance lumineuse, gr\u00e2ce \u00e0 une parfaite gestion de la lumi\u00e8re du jour.\u00a0<\/span><\/p>\n<p><span style=\"font-weight: 400;\">En aluminium thermolaqu\u00e9, ce brise-soleil orientable est techniquement optimis\u00e9 pour une dur\u00e9e de vie et une s\u00e9curit\u00e9 de fonctionnement maximales.\u00a0<\/span><\/p>\n<p><span style=\"font-weight: 400;\">Le raccord \u00e0 lames coniques est remplac\u00e9 par la boucle sur segment d\u2019orientation en tissu, jug\u00e9e fiable depuis des d\u00e9cennies sur le march\u00e9 des protections solaires ext\u00e9rieures.<\/span><\/p>\n<p><span style=\"font-weight: 400;\">Entre pr\u00e9servation des regards indiscrets et variation des effets de luminosit\u00e9, la personnalisation de l\u2019angle d&#8217;orientation des lamelles se fera selon vos envies.\u00a0<\/span><\/p>\n<h2>Store ext\u00e9rieur \u00e0 lames orientables \u201cOrienta\u201d<\/h2>\n<p><span style=\"font-weight: 400;\">Ce store combine les avantages du volet roulant \u00e0 ceux des stores v\u00e9nitiens.\u00a0<\/span><\/p>\n<p><span style=\"font-weight: 400;\">Quand celui-ci est ferm\u00e9, le syst\u00e8me apporte l&#8217;obscurit\u00e9 attendue avec le m\u00eame niveau de protection qu&#8217;un volet roulant standard.\u00a0<\/span><\/p>\n<p><span style=\"font-weight: 400;\">Ce produit permet un contr\u00f4le de la lumi\u00e8re tout en vous garantissant une grande s\u00fbret\u00e9.\u00a0<\/span><\/p>\n<p><span style=\"font-weight: 400;\">Les positions des lames :<\/span><\/p>\n<ul>\n<li style=\"font-weight: 400;\"><span style=\"font-weight: 400;\">lorsqu&#8217;elles sont align\u00e9es, la vue est prolong\u00e9e de l\u2019ext\u00e9rieur permettant \u00e0 la lumi\u00e8re du jour et \u00e0 l\u2019air frais de circuler \u00e0 travers votre maison ;<\/span><\/li>\n<li style=\"font-weight: 400;\"><span style=\"font-weight: 400;\">en \u00e9tant inclin\u00e9es \u00e0 70\u00b0 la maison est prot\u00e9g\u00e9e du soleil, procurant une ambiance agr\u00e9able au sein de votre espace de vie ou de travail.<\/span><\/li>\n<\/ul>\n<h2>S-Onro, volet roulant et protection solaire<\/h2>\n<p><span style=\"font-weight: 400;\">Ce volet avec ses micro-lames en aluminium regroupe les fonctions d&#8217;un volet roulant et d&#8217;un \u00e9cran solaire.\u00a0<\/span><\/p>\n<p><span style=\"font-weight: 400;\">Le syst\u00e8me S-Onro de Beck&amp;Heun ouvre la voie \u00e0 la nouvelle g\u00e9n\u00e9ration de syst\u00e8mes de protection solaire pour les habitations.\u00a0<\/span><\/p>\n<p><span style=\"font-weight: 400;\">Les lames d\u2019aluminium lamin\u00e9 \u00e0 double paroi sont d\u2019une grande stabilit\u00e9 et laissent passer<\/span><\/p>\n<p><span style=\"font-weight: 400;\">l\u2019air et la lumi\u00e8re selon vos envies :<\/span><\/p>\n<ul>\n<li style=\"font-weight: 400;\"><span style=\"font-weight: 400;\">si vous souhaitez \u00eatre dans une totale obscurit\u00e9 ou \u00e0 l\u2019abri des regards indiscrets, il vous suffit alors d\u2019abaisser le tablier des lames au plus serr\u00e9 ;<\/span><\/li>\n<li style=\"font-weight: 400;\"><span style=\"font-weight: 400;\">si vous pr\u00e9f\u00e9rez garder un contact visuel avec l\u2019ext\u00e9rieur, remontez dans ce cas le S-Onro de mani\u00e8re individuelle.\u00a0<\/span><\/li>\n<\/ul>\n<p><span style=\"font-weight: 400;\">La forme particuli\u00e8re des lames bloque le rayonnement solaire direct \u00e0 partir d\u2019un angle d\u2019incidence de 20\u00b0. Le rayonnement du soleil dans la pi\u00e8ce peut donc \u00eatre modul\u00e9 jusqu&#8217;\u00e0 obtenir votre niveau de lumi\u00e8re id\u00e9ale !\u00a0\u00a0<\/span><\/p>\n<h2>Syst\u00e8me de volets coulissants et battants \u00e0 grandes lamelles\u00a0??<\/h2>\n<p><span style=\"font-weight: 400;\">Les syst\u00e8mes \u00e0 grandes lamelles cr\u00e9ent des conditions de luminosit\u00e9 optimale.\u00a0<\/span><\/p>\n<p><span style=\"font-weight: 400;\">Cette solution de protection solaire am\u00e9liore l&#8217;efficacit\u00e9 \u00e9nerg\u00e9tique de votre maison tout en offrant une apparence parfaite \u00e0 votre fa\u00e7ade.\u00a0<\/span><\/p>\n<p><span style=\"font-weight: 400;\">Les domaines d\u2019applications de ces grandes lamelles performantes et individuelles sont multiples :\u00a0<\/span><\/p>\n<ul>\n<li style=\"font-weight: 400;\"><span style=\"font-weight: 400;\">syst\u00e8me fixe ou mobile de protection solaire et thermique ;<\/span><\/li>\n<li style=\"font-weight: 400;\"><span style=\"font-weight: 400;\">rev\u00eatement de fa\u00e7ade ;<\/span><\/li>\n<li style=\"font-weight: 400;\"><span style=\"font-weight: 400;\">protection contre les intemp\u00e9ries.<\/span><\/li>\n<\/ul>\n<h2>Stores verticaux adaptables aux fen\u00eatres et fa\u00e7ades<\/h2>\n<p><span style=\"font-weight: 400;\">De par leur technique de fabrication et leurs fonctionnalit\u00e9s, les stores verticaux Warema pour fen\u00eatres, fa\u00e7ades verticales et <\/span><span style=\"font-weight: 400;\">baies vitr\u00e9es<\/span><span style=\"font-weight: 400;\"> constituent une valeur de protection solaire \u00e0 la fois discr\u00e8te et s\u00fbre.\u00a0<\/span><\/p>\n<p><span style=\"font-weight: 400;\">Leur flexibilit\u00e9 associ\u00e9e \u00e0 leur finesse technique sont id\u00e9ales pour les fa\u00e7ades modernes, et s&#8217;adaptent parfaitement aux fa\u00e7ades asym\u00e9triques.\u00a0<\/span><\/p>\n<p><span style=\"font-weight: 400;\">Ces stores permettent de cr\u00e9er d&#8217;\u00e9l\u00e9gantes devantures et sont personnalisables gr\u00e2ce :<\/span><\/p>\n<ul>\n<li style=\"font-weight: 400;\"><span style=\"font-weight: 400;\">\u00e0 la s\u00e9lection de diverses formes de caisson ;<\/span><\/li>\n<li style=\"font-weight: 400;\"><span style=\"font-weight: 400;\">aux toiles proposant de multiples coloris ;<\/span><\/li>\n<li style=\"font-weight: 400;\"><span style=\"font-weight: 400;\"><span style=\"font-weight: 400;\">aux diff\u00e9rentes couleurs d&#8217;armature.<\/span><\/span><\/li>\n<\/ul>\n<p><span style=\"font-weight: 400;\">Installer des stores verticaux pour se prot\u00e9ger du soleil est efficace et gage d&#8217;\u00e9conomies d&#8217;\u00e9nergie. Les besoins en climatisation et en <\/span><span style=\"font-weight: 400;\">chauffage<\/span><span style=\"font-weight: 400;\"> se retrouvent fortement diminu\u00e9s.\u00a0<\/span><\/p>\n<p><span style=\"font-weight: 400;\">La lumi\u00e8re ext\u00e9rieure vous g\u00eane et vous \u00eates \u00e0 la recherche d&#8217;un pare-soleil naturel ? Nos conseillers Metalica vous accompagnent dans votre choix. <\/span><a href=\"https:\/\/metalica.lu\/de\/kontakt\/\" target=\"_blank\" rel=\"noopener noreferrer\"><span style=\"font-weight: 400;\">Contactez-nous<\/span><\/a><span style=\"font-weight: 400;\"> d\u00e8s \u00e0 pr\u00e9sent !<\/span><\/p>\n<p><span style=\"font-weight: 400;\">Rendez-vous dans notre <\/span><a href=\"https:\/\/metalica.lu\/de\/kontakt\/\" target=\"_blank\" rel=\"noopener noreferrer\"><span style=\"font-weight: 400;\">showroom <\/span><\/a><span style=\"font-weight: 400;\">situ\u00e9 \u00e0 Esch-sur-Alzette pour une totale inspiration.<\/span><\/p>\n","protected":false},"excerpt":{"rendered":"<p>Comment se prot\u00e9ger du soleil naturellement dans son habitat ? D\u00e9couvrez les solutions efficaces propos\u00e9es par votre expert Metalica.<\/p>\n","protected":false},"author":1,"featured_media":2486,"comment_status":"closed","ping_status":"closed","sticky":false,"template":"","format":"standard","meta":{"_acf_changed":false,"footnotes":""},"categories":[114],"tags":[],"class_list":["post-7113","post","type-post","status-publish","format-standard","has-post-thumbnail","hentry","category-blog-de"],"acf":[],"yoast_head":"<!-- This site is optimized with the Yoast SEO Premium plugin v27.2 (Yoast SEO v27.4) - https:\/\/yoast.com\/product\/yoast-seo-premium-wordpress\/ -->\n<title>Comment se prot\u00e9ger du soleil \u00e0 l&#039;int\u00e9rieur de sa maison ? - Metalica<\/title>\n<meta name=\"description\" content=\"Comment se prot\u00e9ger du soleil naturellement dans son habitat ? D\u00e9couvrez les solutions efficaces propos\u00e9es par votre expert Metalica.\" \/>\n<meta name=\"robots\" content=\"index, follow, max-snippet:-1, max-image-preview:large, max-video-preview:-1\" \/>\n<link rel=\"canonical\" href=\"https:\/\/metalica.lu\/de\/se-proteger-du-soleil-interieur-maison\/\" \/>\n<meta property=\"og:locale\" content=\"de_DE\" \/>\n<meta property=\"og:type\" content=\"article\" \/>\n<meta property=\"og:title\" content=\"Comment se prot\u00e9ger du soleil \u00e0 l&#039;int\u00e9rieur de sa maison ?\" \/>\n<meta property=\"og:description\" content=\"Comment se prot\u00e9ger du soleil naturellement dans son habitat ? D\u00e9couvrez les solutions efficaces propos\u00e9es par votre expert Metalica.\" \/>\n<meta property=\"og:url\" content=\"https:\/\/metalica.lu\/de\/se-proteger-du-soleil-interieur-maison\/\" \/>\n<meta property=\"og:site_name\" content=\"Metalica\" \/>\n<meta property=\"article:publisher\" content=\"https:\/\/www.facebook.com\/metalicahome\/\" \/>\n<meta property=\"article:published_time\" content=\"2020-09-24T07:19:52+00:00\" \/>\n<meta property=\"article:modified_time\" content=\"2026-04-07T05:54:39+00:00\" \/>\n<meta property=\"og:image\" content=\"https:\/\/metalica.lu\/wp-content\/uploads\/2023\/09\/Screenshot-2020-09-30-at-09.06.39-e1602498981908.png\" \/>\n\t<meta property=\"og:image:width\" content=\"600\" \/>\n\t<meta property=\"og:image:height\" content=\"396\" \/>\n\t<meta property=\"og:image:type\" content=\"image\/png\" \/>\n<meta name=\"author\" content=\"Anton Nik\" \/>\n<meta name=\"twitter:card\" content=\"summary_large_image\" \/>\n<meta name=\"twitter:label1\" content=\"Verfasst von\" \/>\n\t<meta name=\"twitter:data1\" content=\"Anton Nik\" \/>\n\t<meta name=\"twitter:label2\" content=\"Gesch\u00e4tzte Lesezeit\" \/>\n\t<meta name=\"twitter:data2\" content=\"4\u00a0Minuten\" \/>\n<script type=\"application\/ld+json\" class=\"yoast-schema-graph\">{\"@context\":\"https:\\\/\\\/schema.org\",\"@graph\":[{\"@type\":\"Article\",\"@id\":\"https:\\\/\\\/metalica.lu\\\/de\\\/se-proteger-du-soleil-interieur-maison\\\/#article\",\"isPartOf\":{\"@id\":\"https:\\\/\\\/metalica.lu\\\/de\\\/se-proteger-du-soleil-interieur-maison\\\/\"},\"author\":{\"name\":\"Anton Nik\",\"@id\":\"https:\\\/\\\/metalica.lu\\\/de\\\/#\\\/schema\\\/person\\\/98a2df906fbee4dd037dc744a40b0681\"},\"headline\":\"Comment se prot\u00e9ger du soleil \u00e0 l&#8217;int\u00e9rieur de sa maison ?\",\"datePublished\":\"2020-09-24T07:19:52+00:00\",\"dateModified\":\"2026-04-07T05:54:39+00:00\",\"mainEntityOfPage\":{\"@id\":\"https:\\\/\\\/metalica.lu\\\/de\\\/se-proteger-du-soleil-interieur-maison\\\/\"},\"wordCount\":842,\"publisher\":{\"@id\":\"https:\\\/\\\/metalica.lu\\\/de\\\/#organization\"},\"image\":{\"@id\":\"https:\\\/\\\/metalica.lu\\\/de\\\/se-proteger-du-soleil-interieur-maison\\\/#primaryimage\"},\"thumbnailUrl\":\"https:\\\/\\\/metalica.lu\\\/wp-content\\\/uploads\\\/2023\\\/09\\\/Screenshot-2020-09-30-at-09.06.39-e1602498981908.png\",\"articleSection\":[\"blog\"],\"inLanguage\":\"de\"},{\"@type\":\"WebPage\",\"@id\":\"https:\\\/\\\/metalica.lu\\\/de\\\/se-proteger-du-soleil-interieur-maison\\\/\",\"url\":\"https:\\\/\\\/metalica.lu\\\/de\\\/se-proteger-du-soleil-interieur-maison\\\/\",\"name\":\"Comment se prot\u00e9ger du soleil \u00e0 l'int\u00e9rieur de sa maison ? - Metalica\",\"isPartOf\":{\"@id\":\"https:\\\/\\\/metalica.lu\\\/de\\\/#website\"},\"primaryImageOfPage\":{\"@id\":\"https:\\\/\\\/metalica.lu\\\/de\\\/se-proteger-du-soleil-interieur-maison\\\/#primaryimage\"},\"image\":{\"@id\":\"https:\\\/\\\/metalica.lu\\\/de\\\/se-proteger-du-soleil-interieur-maison\\\/#primaryimage\"},\"thumbnailUrl\":\"https:\\\/\\\/metalica.lu\\\/wp-content\\\/uploads\\\/2023\\\/09\\\/Screenshot-2020-09-30-at-09.06.39-e1602498981908.png\",\"datePublished\":\"2020-09-24T07:19:52+00:00\",\"dateModified\":\"2026-04-07T05:54:39+00:00\",\"description\":\"Comment se prot\u00e9ger du soleil naturellement dans son habitat ? D\u00e9couvrez les solutions efficaces propos\u00e9es par votre expert Metalica.\",\"breadcrumb\":{\"@id\":\"https:\\\/\\\/metalica.lu\\\/de\\\/se-proteger-du-soleil-interieur-maison\\\/#breadcrumb\"},\"inLanguage\":\"de\",\"potentialAction\":[{\"@type\":\"ReadAction\",\"target\":[\"https:\\\/\\\/metalica.lu\\\/de\\\/se-proteger-du-soleil-interieur-maison\\\/\"]}]},{\"@type\":\"ImageObject\",\"inLanguage\":\"de\",\"@id\":\"https:\\\/\\\/metalica.lu\\\/de\\\/se-proteger-du-soleil-interieur-maison\\\/#primaryimage\",\"url\":\"https:\\\/\\\/metalica.lu\\\/wp-content\\\/uploads\\\/2023\\\/09\\\/Screenshot-2020-09-30-at-09.06.39-e1602498981908.png\",\"contentUrl\":\"https:\\\/\\\/metalica.lu\\\/wp-content\\\/uploads\\\/2023\\\/09\\\/Screenshot-2020-09-30-at-09.06.39-e1602498981908.png\",\"width\":600,\"height\":396},{\"@type\":\"BreadcrumbList\",\"@id\":\"https:\\\/\\\/metalica.lu\\\/de\\\/se-proteger-du-soleil-interieur-maison\\\/#breadcrumb\",\"itemListElement\":[{\"@type\":\"ListItem\",\"position\":1,\"name\":\"Accueil\",\"item\":\"https:\\\/\\\/metalica.lu\\\/de\\\/\"},{\"@type\":\"ListItem\",\"position\":2,\"name\":\"Comment se prot\u00e9ger du soleil \u00e0 l&#8217;int\u00e9rieur de sa maison ?\"}]},{\"@type\":\"WebSite\",\"@id\":\"https:\\\/\\\/metalica.lu\\\/de\\\/#website\",\"url\":\"https:\\\/\\\/metalica.lu\\\/de\\\/\",\"name\":\"Metalica\",\"description\":\"\",\"publisher\":{\"@id\":\"https:\\\/\\\/metalica.lu\\\/de\\\/#organization\"},\"potentialAction\":[{\"@type\":\"SearchAction\",\"target\":{\"@type\":\"EntryPoint\",\"urlTemplate\":\"https:\\\/\\\/metalica.lu\\\/de\\\/?s={search_term_string}\"},\"query-input\":{\"@type\":\"PropertyValueSpecification\",\"valueRequired\":true,\"valueName\":\"search_term_string\"}}],\"inLanguage\":\"de\"},{\"@type\":\"Organization\",\"@id\":\"https:\\\/\\\/metalica.lu\\\/de\\\/#organization\",\"name\":\"Metalica\",\"url\":\"https:\\\/\\\/metalica.lu\\\/de\\\/\",\"logo\":{\"@type\":\"ImageObject\",\"inLanguage\":\"de\",\"@id\":\"https:\\\/\\\/metalica.lu\\\/de\\\/#\\\/schema\\\/logo\\\/image\\\/\",\"url\":\"https:\\\/\\\/metalica.lu\\\/wp-content\\\/uploads\\\/2024\\\/05\\\/site-logo.png\",\"contentUrl\":\"https:\\\/\\\/metalica.lu\\\/wp-content\\\/uploads\\\/2024\\\/05\\\/site-logo.png\",\"width\":238,\"height\":62,\"caption\":\"Metalica\"},\"image\":{\"@id\":\"https:\\\/\\\/metalica.lu\\\/de\\\/#\\\/schema\\\/logo\\\/image\\\/\"},\"sameAs\":[\"https:\\\/\\\/www.facebook.com\\\/metalicahome\\\/\"]},{\"@type\":\"Person\",\"@id\":\"https:\\\/\\\/metalica.lu\\\/de\\\/#\\\/schema\\\/person\\\/98a2df906fbee4dd037dc744a40b0681\",\"name\":\"Anton Nik\",\"image\":{\"@type\":\"ImageObject\",\"inLanguage\":\"de\",\"@id\":\"https:\\\/\\\/metalica.lu\\\/wp-content\\\/litespeed\\\/avatar\\\/4f6f8c8f622e84309672684d781329d5.jpg?ver=1777307118\",\"url\":\"https:\\\/\\\/metalica.lu\\\/wp-content\\\/litespeed\\\/avatar\\\/4f6f8c8f622e84309672684d781329d5.jpg?ver=1777307118\",\"contentUrl\":\"https:\\\/\\\/metalica.lu\\\/wp-content\\\/litespeed\\\/avatar\\\/4f6f8c8f622e84309672684d781329d5.jpg?ver=1777307118\",\"caption\":\"Anton Nik\"},\"sameAs\":[\"https:\\\/\\\/metalica.lu\"],\"url\":\"https:\\\/\\\/metalica.lu\\\/de\\\/author\\\/anton\\\/\"}]}<\/script>\n<!-- \/ Yoast SEO Premium plugin. -->","yoast_head_json":{"title":"Comment se prot\u00e9ger du soleil \u00e0 l'int\u00e9rieur de sa maison ? - Metalica","description":"Comment se prot\u00e9ger du soleil naturellement dans son habitat ? D\u00e9couvrez les solutions efficaces propos\u00e9es par votre expert Metalica.","robots":{"index":"index","follow":"follow","max-snippet":"max-snippet:-1","max-image-preview":"max-image-preview:large","max-video-preview":"max-video-preview:-1"},"canonical":"https:\/\/metalica.lu\/de\/se-proteger-du-soleil-interieur-maison\/","og_locale":"de_DE","og_type":"article","og_title":"Comment se prot\u00e9ger du soleil \u00e0 l'int\u00e9rieur de sa maison ?","og_description":"Comment se prot\u00e9ger du soleil naturellement dans son habitat ? D\u00e9couvrez les solutions efficaces propos\u00e9es par votre expert Metalica.","og_url":"https:\/\/metalica.lu\/de\/se-proteger-du-soleil-interieur-maison\/","og_site_name":"Metalica","article_publisher":"https:\/\/www.facebook.com\/metalicahome\/","article_published_time":"2020-09-24T07:19:52+00:00","article_modified_time":"2026-04-07T05:54:39+00:00","og_image":[{"width":600,"height":396,"url":"https:\/\/metalica.lu\/wp-content\/uploads\/2023\/09\/Screenshot-2020-09-30-at-09.06.39-e1602498981908.png","type":"image\/png"}],"author":"Anton Nik","twitter_card":"summary_large_image","twitter_misc":{"Verfasst von":"Anton Nik","Gesch\u00e4tzte Lesezeit":"4\u00a0Minuten"},"schema":{"@context":"https:\/\/schema.org","@graph":[{"@type":"Article","@id":"https:\/\/metalica.lu\/de\/se-proteger-du-soleil-interieur-maison\/#article","isPartOf":{"@id":"https:\/\/metalica.lu\/de\/se-proteger-du-soleil-interieur-maison\/"},"author":{"name":"Anton Nik","@id":"https:\/\/metalica.lu\/de\/#\/schema\/person\/98a2df906fbee4dd037dc744a40b0681"},"headline":"Comment se prot\u00e9ger du soleil \u00e0 l&#8217;int\u00e9rieur de sa maison ?","datePublished":"2020-09-24T07:19:52+00:00","dateModified":"2026-04-07T05:54:39+00:00","mainEntityOfPage":{"@id":"https:\/\/metalica.lu\/de\/se-proteger-du-soleil-interieur-maison\/"},"wordCount":842,"publisher":{"@id":"https:\/\/metalica.lu\/de\/#organization"},"image":{"@id":"https:\/\/metalica.lu\/de\/se-proteger-du-soleil-interieur-maison\/#primaryimage"},"thumbnailUrl":"https:\/\/metalica.lu\/wp-content\/uploads\/2023\/09\/Screenshot-2020-09-30-at-09.06.39-e1602498981908.png","articleSection":["blog"],"inLanguage":"de"},{"@type":"WebPage","@id":"https:\/\/metalica.lu\/de\/se-proteger-du-soleil-interieur-maison\/","url":"https:\/\/metalica.lu\/de\/se-proteger-du-soleil-interieur-maison\/","name":"Comment se prot\u00e9ger du soleil \u00e0 l'int\u00e9rieur de sa maison ? - Metalica","isPartOf":{"@id":"https:\/\/metalica.lu\/de\/#website"},"primaryImageOfPage":{"@id":"https:\/\/metalica.lu\/de\/se-proteger-du-soleil-interieur-maison\/#primaryimage"},"image":{"@id":"https:\/\/metalica.lu\/de\/se-proteger-du-soleil-interieur-maison\/#primaryimage"},"thumbnailUrl":"https:\/\/metalica.lu\/wp-content\/uploads\/2023\/09\/Screenshot-2020-09-30-at-09.06.39-e1602498981908.png","datePublished":"2020-09-24T07:19:52+00:00","dateModified":"2026-04-07T05:54:39+00:00","description":"Comment se prot\u00e9ger du soleil naturellement dans son habitat ? D\u00e9couvrez les solutions efficaces propos\u00e9es par votre expert Metalica.","breadcrumb":{"@id":"https:\/\/metalica.lu\/de\/se-proteger-du-soleil-interieur-maison\/#breadcrumb"},"inLanguage":"de","potentialAction":[{"@type":"ReadAction","target":["https:\/\/metalica.lu\/de\/se-proteger-du-soleil-interieur-maison\/"]}]},{"@type":"ImageObject","inLanguage":"de","@id":"https:\/\/metalica.lu\/de\/se-proteger-du-soleil-interieur-maison\/#primaryimage","url":"https:\/\/metalica.lu\/wp-content\/uploads\/2023\/09\/Screenshot-2020-09-30-at-09.06.39-e1602498981908.png","contentUrl":"https:\/\/metalica.lu\/wp-content\/uploads\/2023\/09\/Screenshot-2020-09-30-at-09.06.39-e1602498981908.png","width":600,"height":396},{"@type":"BreadcrumbList","@id":"https:\/\/metalica.lu\/de\/se-proteger-du-soleil-interieur-maison\/#breadcrumb","itemListElement":[{"@type":"ListItem","position":1,"name":"Accueil","item":"https:\/\/metalica.lu\/de\/"},{"@type":"ListItem","position":2,"name":"Comment se prot\u00e9ger du soleil \u00e0 l&#8217;int\u00e9rieur de sa maison ?"}]},{"@type":"WebSite","@id":"https:\/\/metalica.lu\/de\/#website","url":"https:\/\/metalica.lu\/de\/","name":"Metalica","description":"","publisher":{"@id":"https:\/\/metalica.lu\/de\/#organization"},"potentialAction":[{"@type":"SearchAction","target":{"@type":"EntryPoint","urlTemplate":"https:\/\/metalica.lu\/de\/?s={search_term_string}"},"query-input":{"@type":"PropertyValueSpecification","valueRequired":true,"valueName":"search_term_string"}}],"inLanguage":"de"},{"@type":"Organization","@id":"https:\/\/metalica.lu\/de\/#organization","name":"Metalica","url":"https:\/\/metalica.lu\/de\/","logo":{"@type":"ImageObject","inLanguage":"de","@id":"https:\/\/metalica.lu\/de\/#\/schema\/logo\/image\/","url":"https:\/\/metalica.lu\/wp-content\/uploads\/2024\/05\/site-logo.png","contentUrl":"https:\/\/metalica.lu\/wp-content\/uploads\/2024\/05\/site-logo.png","width":238,"height":62,"caption":"Metalica"},"image":{"@id":"https:\/\/metalica.lu\/de\/#\/schema\/logo\/image\/"},"sameAs":["https:\/\/www.facebook.com\/metalicahome\/"]},{"@type":"Person","@id":"https:\/\/metalica.lu\/de\/#\/schema\/person\/98a2df906fbee4dd037dc744a40b0681","name":"Anton Nik","image":{"@type":"ImageObject","inLanguage":"de","@id":"https:\/\/metalica.lu\/wp-content\/litespeed\/avatar\/4f6f8c8f622e84309672684d781329d5.jpg?ver=1777307118","url":"https:\/\/metalica.lu\/wp-content\/litespeed\/avatar\/4f6f8c8f622e84309672684d781329d5.jpg?ver=1777307118","contentUrl":"https:\/\/metalica.lu\/wp-content\/litespeed\/avatar\/4f6f8c8f622e84309672684d781329d5.jpg?ver=1777307118","caption":"Anton Nik"},"sameAs":["https:\/\/metalica.lu"],"url":"https:\/\/metalica.lu\/de\/author\/anton\/"}]}},"_links":{"self":[{"href":"https:\/\/metalica.lu\/de\/wp-json\/wp\/v2\/posts\/7113","targetHints":{"allow":["GET"]}}],"collection":[{"href":"https:\/\/metalica.lu\/de\/wp-json\/wp\/v2\/posts"}],"about":[{"href":"https:\/\/metalica.lu\/de\/wp-json\/wp\/v2\/types\/post"}],"author":[{"embeddable":true,"href":"https:\/\/metalica.lu\/de\/wp-json\/wp\/v2\/users\/1"}],"replies":[{"embeddable":true,"href":"https:\/\/metalica.lu\/de\/wp-json\/wp\/v2\/comments?post=7113"}],"version-history":[{"count":1,"href":"https:\/\/metalica.lu\/de\/wp-json\/wp\/v2\/posts\/7113\/revisions"}],"predecessor-version":[{"id":8968,"href":"https:\/\/metalica.lu\/de\/wp-json\/wp\/v2\/posts\/7113\/revisions\/8968"}],"wp:featuredmedia":[{"embeddable":true,"href":"https:\/\/metalica.lu\/de\/wp-json\/wp\/v2\/media\/2486"}],"wp:attachment":[{"href":"https:\/\/metalica.lu\/de\/wp-json\/wp\/v2\/media?parent=7113"}],"wp:term":[{"taxonomy":"category","embeddable":true,"href":"https:\/\/metalica.lu\/de\/wp-json\/wp\/v2\/categories?post=7113"},{"taxonomy":"post_tag","embeddable":true,"href":"https:\/\/metalica.lu\/de\/wp-json\/wp\/v2\/tags?post=7113"}],"curies":[{"name":"wp","href":"https:\/\/api.w.org\/{rel}","templated":true}]}}