{"id":7112,"date":"2020-09-22T13:30:26","date_gmt":"2020-09-22T11:30:26","guid":{"rendered":"https:\/\/metalica.lu\/blog\/porte-entree-comment-la-choisir\/"},"modified":"2026-04-07T07:54:41","modified_gmt":"2026-04-07T05:54:41","slug":"porte-entree-comment-la-choisir","status":"publish","type":"post","link":"https:\/\/metalica.lu\/de\/porte-entree-comment-la-choisir\/","title":{"rendered":"Porte d&#8217;entr\u00e9e : comment bien la choisir ?"},"content":{"rendered":"<p><span style=\"font-weight: 400;\">Pi\u00e8ce ma\u00eetresse de votre entr\u00e9e, les mod\u00e8les de portes modernes se d\u00e9clinent en diff\u00e9rents <\/span><b>mat\u00e9riaux<\/b><span style=\"font-weight: 400;\">, <\/span><b>formes <\/b><span style=\"font-weight: 400;\">et <\/span><b>couleurs<\/b><span style=\"font-weight: 400;\">. Les nouveaux <\/span><b>syst\u00e8mes de s\u00e9curit\u00e9<\/b><span style=\"font-weight: 400;\"> pr\u00e9viennent efficacement les tentatives d&#8217;effractions dont vous pourriez \u00eatre victime. Vous vous demandez <\/span><b>comment choisir sa porte d&#8217;entr\u00e9e<\/b><span style=\"font-weight: 400;\"> sereinement ? D\u00e9couvrez les mod\u00e8les que nous vous proposons, \u00e0 la fois performants et adapt\u00e9s \u00e0 vos besoins.<\/span><\/p>\n<h2>Choisir sa porte d&#8217;entr\u00e9e : une porte qui inspire<\/h2>\n<p><span style=\"font-weight: 400;\">Alliant esth\u00e9tisme et performance m\u00e9canique de s\u00e9curit\u00e9 et d&#8217;<\/span><span style=\"font-weight: 400;\">isolation<\/span><span style=\"font-weight: 400;\">, les portes d&#8217;entr\u00e9e actuelles offrent une multitude de d\u00e9cors \u00e0 envisager.\u00a0<\/span><\/p>\n<p><span style=\"font-weight: 400;\">Plusieurs gammes de panneaux de porte d\u00e9coratifs existent, vous permettant ainsi d&#8217;allier esth\u00e9tique, confort et s\u00e9curit\u00e9 :\u00a0<\/span><\/p>\n<ul>\n<li style=\"font-weight: 400;\"><span style=\"font-weight: 400;\">MODERN, une gamme de portes d&#8217;entr\u00e9e contemporaines, raffin\u00e9es et distingu\u00e9es, offrant un cadre en aluminium de haute qualit\u00e9, des poign\u00e9es de portes en alu ou en acier inoxydable et d\u2019\u00e9l\u00e9gantes appliques ;\u00a0<\/span><\/li>\n<\/ul>\n<ul>\n<li style=\"font-weight: 400;\"><span style=\"font-weight: 400;\">KLASSISCH, une gamme cr\u00e9\u00e9e pour ceux qui pr\u00e9f\u00e8rent les portes aux formes traditionnelles proposant un large choix entre ornements en verre et vitraux d\u00e9coratifs artisanaux ;\u00a0<\/span><\/li>\n<li style=\"font-weight: 400;\"><span style=\"font-weight: 400;\">VETRO, une porte d&#8217;entr\u00e9e enti\u00e8rement vitr\u00e9e qui illuminera naturellement votre entr\u00e9e tout en vous prot\u00e9geant des regards gr\u00e2ce \u00e0 son verre opaque.<br \/>\n<\/span><\/li>\n<\/ul>\n<h2>Un syst\u00e8me complet de communication de porte<\/h2>\n<p><span style=\"font-weight: 400;\">Le Sch\u00fcco Door Control System (DCS) se distingue par son design uniforme et intemporel, associ\u00e9 \u00e0 ses diff\u00e9rents modules pouvant \u00eatre choisis \u00e0 la carte.\u00a0<\/span><\/p>\n<p><span style=\"font-weight: 400;\">Le DCS est unique en raison de ses applications notamment en termes de :\u00a0<\/span><\/p>\n<ul>\n<li style=\"font-weight: 400;\"><span style=\"font-weight: 400;\">contr\u00f4le d\u2019acc\u00e8s ;<\/span><\/li>\n<li style=\"font-weight: 400;\"><span style=\"font-weight: 400;\">syst\u00e8me de communication ;<\/span><\/li>\n<li style=\"font-weight: 400;\"><span style=\"font-weight: 400;\">issue de secours.\u00a0<\/span><\/li>\n<\/ul>\n<p><span style=\"font-weight: 400;\">L\u2019int\u00e9gration des modules dans le profil\u00e9 de porte, coupl\u00e9 \u00e0 sa finition en verre, lui conf\u00e8re un caract\u00e8re \u00e9l\u00e9gant et luxueux.\u00a0<\/span><\/p>\n<p><span style=\"font-weight: 400;\">Ces \u00e9l\u00e9ments peuvent selon votre choix se fixer directement au mur, en surface ou sur un panneau.<\/span><\/p>\n<h2>Un syst\u00e8me de contr\u00f4le d\u2019acc\u00e8s encastrable dans le ch\u00e2ssis<\/h2>\n<p><span style=\"font-weight: 400;\">Avec le contr\u00f4le d\u2019acc\u00e8s par le parlophone, chaque porte d\u2019entr\u00e9e est \u00e9quip\u00e9e d\u2019un syst\u00e8me de communication personnalis\u00e9 et tr\u00e8s performant.<\/span><\/p>\n<p><span style=\"font-weight: 400;\">Sonnette, parlophone et cam\u00e9ra vid\u00e9o sont directement int\u00e9gr\u00e9s dans le profil\u00e9 et plusieurs modules de s\u00e9curit\u00e9 sont disponibles en option :<\/span><\/p>\n<ul>\n<li style=\"font-weight: 400;\"><span style=\"font-weight: 400;\">fingerprint (acc\u00e8s sans cl\u00e9) ;<\/span><\/li>\n<li style=\"font-weight: 400;\"><span style=\"font-weight: 400;\">d\u00e9tecteur de mouvement ;\u00a0<\/span><\/li>\n<li style=\"font-weight: 400;\"><span style=\"font-weight: 400;\">d\u00e9tecteur de proximit\u00e9 ;<\/span><\/li>\n<li style=\"font-weight: 400;\"><span style=\"font-weight: 400;\">\u00e9clairage LED ;<\/span><\/li>\n<li style=\"font-weight: 400;\"><span style=\"font-weight: 400;\">num\u00e9ro de maison.<\/span><\/li>\n<\/ul>\n<p><span style=\"font-weight: 400;\">Vous l&#8217;aurez compris, choisir sa porte d&#8217;entr\u00e9e c&#8217;est choisir le niveau de s\u00e9curit\u00e9 de son habitat, tout en disposant d&#8217;une multitude de d\u00e9cors et d&#8217;une grande vari\u00e9t\u00e9 de couleurs.\u00a0<\/span><\/p>\n<p><span style=\"font-weight: 400;\">Fiables, esth\u00e9tiques et modernes, d\u00e9couvrez sans plus attendre nos mod\u00e8les de portes d&#8217;entr\u00e9e expos\u00e9s dans <\/span><a href=\"https:\/\/metalica.lu\/de\/kontakt\/\"><span style=\"font-weight: 400;\">notre showroom situ\u00e9 au 181 rue de Luxembourg \u00e0 Esch-sur-Alzette (L-4222)<\/span><\/a><span style=\"font-weight: 400;\">.\u00a0<\/span><\/p>\n<p><span style=\"font-weight: 400;\">Besoin de conseils ? Nos conseillers Metalica sont \u00e0 votre \u00e9coute, <\/span><a href=\"https:\/\/metalica.lu\/de\/kontakt\/\"><span style=\"font-weight: 400;\">contactez-nous<\/span><\/a><span style=\"font-weight: 400;\">.<\/span><\/p>\n","protected":false},"excerpt":{"rendered":"<p>Comment choisir sa porte d&#8217;entr\u00e9e ? Pi\u00e8ce ma\u00eetresse de votre entr\u00e9e, d\u00e9couvrez les mod\u00e8les propos\u00e9s par votre sp\u00e9cialiste Metalica.<\/p>\n","protected":false},"author":1,"featured_media":2482,"comment_status":"closed","ping_status":"closed","sticky":false,"template":"","format":"standard","meta":{"_acf_changed":false,"footnotes":""},"categories":[114],"tags":[],"class_list":["post-7112","post","type-post","status-publish","format-standard","has-post-thumbnail","hentry","category-blog-de"],"acf":[],"yoast_head":"<!-- This site is optimized with the Yoast SEO Premium plugin v27.2 (Yoast SEO v27.4) - https:\/\/yoast.com\/product\/yoast-seo-premium-wordpress\/ -->\n<title>Porte d&#039;entr\u00e9e : comment bien la choisir ? - Metalica<\/title>\n<meta name=\"robots\" content=\"index, follow, max-snippet:-1, max-image-preview:large, max-video-preview:-1\" \/>\n<link rel=\"canonical\" href=\"https:\/\/metalica.lu\/de\/porte-entree-comment-la-choisir\/\" \/>\n<meta property=\"og:locale\" content=\"de_DE\" \/>\n<meta property=\"og:type\" content=\"article\" \/>\n<meta property=\"og:title\" content=\"Porte d&#039;entr\u00e9e : comment bien la choisir ?\" \/>\n<meta property=\"og:description\" content=\"Comment choisir sa porte d&#039;entr\u00e9e ? Pi\u00e8ce ma\u00eetresse de votre entr\u00e9e, d\u00e9couvrez les mod\u00e8les propos\u00e9s par votre sp\u00e9cialiste Metalica.\" \/>\n<meta property=\"og:url\" content=\"https:\/\/metalica.lu\/de\/porte-entree-comment-la-choisir\/\" \/>\n<meta property=\"og:site_name\" content=\"Metalica\" \/>\n<meta property=\"article:publisher\" content=\"https:\/\/www.facebook.com\/metalicahome\/\" \/>\n<meta property=\"article:published_time\" content=\"2020-09-22T11:30:26+00:00\" \/>\n<meta property=\"article:modified_time\" content=\"2026-04-07T05:54:41+00:00\" \/>\n<meta property=\"og:image\" content=\"https:\/\/metalica.lu\/wp-content\/uploads\/2023\/09\/Capture-decran-2020-09-22-a-15.23.41-e1602498613955.png\" \/>\n\t<meta property=\"og:image:width\" content=\"600\" \/>\n\t<meta property=\"og:image:height\" content=\"412\" \/>\n\t<meta property=\"og:image:type\" content=\"image\/png\" \/>\n<meta name=\"author\" content=\"Anton Nik\" \/>\n<meta name=\"twitter:card\" content=\"summary_large_image\" \/>\n<meta name=\"twitter:label1\" content=\"Verfasst von\" \/>\n\t<meta name=\"twitter:data1\" content=\"Anton Nik\" \/>\n\t<meta name=\"twitter:label2\" content=\"Gesch\u00e4tzte Lesezeit\" \/>\n\t<meta name=\"twitter:data2\" content=\"2\u00a0Minuten\" \/>\n<script type=\"application\/ld+json\" class=\"yoast-schema-graph\">{\"@context\":\"https:\\\/\\\/schema.org\",\"@graph\":[{\"@type\":\"Article\",\"@id\":\"https:\\\/\\\/metalica.lu\\\/de\\\/porte-entree-comment-la-choisir\\\/#article\",\"isPartOf\":{\"@id\":\"https:\\\/\\\/metalica.lu\\\/de\\\/porte-entree-comment-la-choisir\\\/\"},\"author\":{\"name\":\"Anton Nik\",\"@id\":\"https:\\\/\\\/metalica.lu\\\/de\\\/#\\\/schema\\\/person\\\/98a2df906fbee4dd037dc744a40b0681\"},\"headline\":\"Porte d&#8217;entr\u00e9e : comment bien la choisir ?\",\"datePublished\":\"2020-09-22T11:30:26+00:00\",\"dateModified\":\"2026-04-07T05:54:41+00:00\",\"mainEntityOfPage\":{\"@id\":\"https:\\\/\\\/metalica.lu\\\/de\\\/porte-entree-comment-la-choisir\\\/\"},\"wordCount\":497,\"publisher\":{\"@id\":\"https:\\\/\\\/metalica.lu\\\/de\\\/#organization\"},\"image\":{\"@id\":\"https:\\\/\\\/metalica.lu\\\/de\\\/porte-entree-comment-la-choisir\\\/#primaryimage\"},\"thumbnailUrl\":\"https:\\\/\\\/metalica.lu\\\/wp-content\\\/uploads\\\/2023\\\/09\\\/Capture-decran-2020-09-22-a-15.23.41-e1602498613955.png\",\"articleSection\":[\"blog\"],\"inLanguage\":\"de\"},{\"@type\":\"WebPage\",\"@id\":\"https:\\\/\\\/metalica.lu\\\/de\\\/porte-entree-comment-la-choisir\\\/\",\"url\":\"https:\\\/\\\/metalica.lu\\\/de\\\/porte-entree-comment-la-choisir\\\/\",\"name\":\"Porte d'entr\u00e9e : comment bien la choisir ? - Metalica\",\"isPartOf\":{\"@id\":\"https:\\\/\\\/metalica.lu\\\/de\\\/#website\"},\"primaryImageOfPage\":{\"@id\":\"https:\\\/\\\/metalica.lu\\\/de\\\/porte-entree-comment-la-choisir\\\/#primaryimage\"},\"image\":{\"@id\":\"https:\\\/\\\/metalica.lu\\\/de\\\/porte-entree-comment-la-choisir\\\/#primaryimage\"},\"thumbnailUrl\":\"https:\\\/\\\/metalica.lu\\\/wp-content\\\/uploads\\\/2023\\\/09\\\/Capture-decran-2020-09-22-a-15.23.41-e1602498613955.png\",\"datePublished\":\"2020-09-22T11:30:26+00:00\",\"dateModified\":\"2026-04-07T05:54:41+00:00\",\"breadcrumb\":{\"@id\":\"https:\\\/\\\/metalica.lu\\\/de\\\/porte-entree-comment-la-choisir\\\/#breadcrumb\"},\"inLanguage\":\"de\",\"potentialAction\":[{\"@type\":\"ReadAction\",\"target\":[\"https:\\\/\\\/metalica.lu\\\/de\\\/porte-entree-comment-la-choisir\\\/\"]}]},{\"@type\":\"ImageObject\",\"inLanguage\":\"de\",\"@id\":\"https:\\\/\\\/metalica.lu\\\/de\\\/porte-entree-comment-la-choisir\\\/#primaryimage\",\"url\":\"https:\\\/\\\/metalica.lu\\\/wp-content\\\/uploads\\\/2023\\\/09\\\/Capture-decran-2020-09-22-a-15.23.41-e1602498613955.png\",\"contentUrl\":\"https:\\\/\\\/metalica.lu\\\/wp-content\\\/uploads\\\/2023\\\/09\\\/Capture-decran-2020-09-22-a-15.23.41-e1602498613955.png\",\"width\":600,\"height\":412},{\"@type\":\"BreadcrumbList\",\"@id\":\"https:\\\/\\\/metalica.lu\\\/de\\\/porte-entree-comment-la-choisir\\\/#breadcrumb\",\"itemListElement\":[{\"@type\":\"ListItem\",\"position\":1,\"name\":\"Accueil\",\"item\":\"https:\\\/\\\/metalica.lu\\\/de\\\/\"},{\"@type\":\"ListItem\",\"position\":2,\"name\":\"Porte d&#8217;entr\u00e9e : comment bien la choisir ?\"}]},{\"@type\":\"WebSite\",\"@id\":\"https:\\\/\\\/metalica.lu\\\/de\\\/#website\",\"url\":\"https:\\\/\\\/metalica.lu\\\/de\\\/\",\"name\":\"Metalica\",\"description\":\"\",\"publisher\":{\"@id\":\"https:\\\/\\\/metalica.lu\\\/de\\\/#organization\"},\"potentialAction\":[{\"@type\":\"SearchAction\",\"target\":{\"@type\":\"EntryPoint\",\"urlTemplate\":\"https:\\\/\\\/metalica.lu\\\/de\\\/?s={search_term_string}\"},\"query-input\":{\"@type\":\"PropertyValueSpecification\",\"valueRequired\":true,\"valueName\":\"search_term_string\"}}],\"inLanguage\":\"de\"},{\"@type\":\"Organization\",\"@id\":\"https:\\\/\\\/metalica.lu\\\/de\\\/#organization\",\"name\":\"Metalica\",\"url\":\"https:\\\/\\\/metalica.lu\\\/de\\\/\",\"logo\":{\"@type\":\"ImageObject\",\"inLanguage\":\"de\",\"@id\":\"https:\\\/\\\/metalica.lu\\\/de\\\/#\\\/schema\\\/logo\\\/image\\\/\",\"url\":\"https:\\\/\\\/metalica.lu\\\/wp-content\\\/uploads\\\/2024\\\/05\\\/site-logo.png\",\"contentUrl\":\"https:\\\/\\\/metalica.lu\\\/wp-content\\\/uploads\\\/2024\\\/05\\\/site-logo.png\",\"width\":238,\"height\":62,\"caption\":\"Metalica\"},\"image\":{\"@id\":\"https:\\\/\\\/metalica.lu\\\/de\\\/#\\\/schema\\\/logo\\\/image\\\/\"},\"sameAs\":[\"https:\\\/\\\/www.facebook.com\\\/metalicahome\\\/\"]},{\"@type\":\"Person\",\"@id\":\"https:\\\/\\\/metalica.lu\\\/de\\\/#\\\/schema\\\/person\\\/98a2df906fbee4dd037dc744a40b0681\",\"name\":\"Anton Nik\",\"image\":{\"@type\":\"ImageObject\",\"inLanguage\":\"de\",\"@id\":\"https:\\\/\\\/metalica.lu\\\/wp-content\\\/litespeed\\\/avatar\\\/4f6f8c8f622e84309672684d781329d5.jpg?ver=1777307118\",\"url\":\"https:\\\/\\\/metalica.lu\\\/wp-content\\\/litespeed\\\/avatar\\\/4f6f8c8f622e84309672684d781329d5.jpg?ver=1777307118\",\"contentUrl\":\"https:\\\/\\\/metalica.lu\\\/wp-content\\\/litespeed\\\/avatar\\\/4f6f8c8f622e84309672684d781329d5.jpg?ver=1777307118\",\"caption\":\"Anton Nik\"},\"sameAs\":[\"https:\\\/\\\/metalica.lu\"],\"url\":\"https:\\\/\\\/metalica.lu\\\/de\\\/author\\\/anton\\\/\"}]}<\/script>\n<!-- \/ Yoast SEO Premium plugin. -->","yoast_head_json":{"title":"Porte d'entr\u00e9e : comment bien la choisir ? - Metalica","robots":{"index":"index","follow":"follow","max-snippet":"max-snippet:-1","max-image-preview":"max-image-preview:large","max-video-preview":"max-video-preview:-1"},"canonical":"https:\/\/metalica.lu\/de\/porte-entree-comment-la-choisir\/","og_locale":"de_DE","og_type":"article","og_title":"Porte d'entr\u00e9e : comment bien la choisir ?","og_description":"Comment choisir sa porte d'entr\u00e9e ? Pi\u00e8ce ma\u00eetresse de votre entr\u00e9e, d\u00e9couvrez les mod\u00e8les propos\u00e9s par votre sp\u00e9cialiste Metalica.","og_url":"https:\/\/metalica.lu\/de\/porte-entree-comment-la-choisir\/","og_site_name":"Metalica","article_publisher":"https:\/\/www.facebook.com\/metalicahome\/","article_published_time":"2020-09-22T11:30:26+00:00","article_modified_time":"2026-04-07T05:54:41+00:00","og_image":[{"width":600,"height":412,"url":"https:\/\/metalica.lu\/wp-content\/uploads\/2023\/09\/Capture-decran-2020-09-22-a-15.23.41-e1602498613955.png","type":"image\/png"}],"author":"Anton Nik","twitter_card":"summary_large_image","twitter_misc":{"Verfasst von":"Anton Nik","Gesch\u00e4tzte Lesezeit":"2\u00a0Minuten"},"schema":{"@context":"https:\/\/schema.org","@graph":[{"@type":"Article","@id":"https:\/\/metalica.lu\/de\/porte-entree-comment-la-choisir\/#article","isPartOf":{"@id":"https:\/\/metalica.lu\/de\/porte-entree-comment-la-choisir\/"},"author":{"name":"Anton Nik","@id":"https:\/\/metalica.lu\/de\/#\/schema\/person\/98a2df906fbee4dd037dc744a40b0681"},"headline":"Porte d&#8217;entr\u00e9e : comment bien la choisir ?","datePublished":"2020-09-22T11:30:26+00:00","dateModified":"2026-04-07T05:54:41+00:00","mainEntityOfPage":{"@id":"https:\/\/metalica.lu\/de\/porte-entree-comment-la-choisir\/"},"wordCount":497,"publisher":{"@id":"https:\/\/metalica.lu\/de\/#organization"},"image":{"@id":"https:\/\/metalica.lu\/de\/porte-entree-comment-la-choisir\/#primaryimage"},"thumbnailUrl":"https:\/\/metalica.lu\/wp-content\/uploads\/2023\/09\/Capture-decran-2020-09-22-a-15.23.41-e1602498613955.png","articleSection":["blog"],"inLanguage":"de"},{"@type":"WebPage","@id":"https:\/\/metalica.lu\/de\/porte-entree-comment-la-choisir\/","url":"https:\/\/metalica.lu\/de\/porte-entree-comment-la-choisir\/","name":"Porte d'entr\u00e9e : comment bien la choisir ? - Metalica","isPartOf":{"@id":"https:\/\/metalica.lu\/de\/#website"},"primaryImageOfPage":{"@id":"https:\/\/metalica.lu\/de\/porte-entree-comment-la-choisir\/#primaryimage"},"image":{"@id":"https:\/\/metalica.lu\/de\/porte-entree-comment-la-choisir\/#primaryimage"},"thumbnailUrl":"https:\/\/metalica.lu\/wp-content\/uploads\/2023\/09\/Capture-decran-2020-09-22-a-15.23.41-e1602498613955.png","datePublished":"2020-09-22T11:30:26+00:00","dateModified":"2026-04-07T05:54:41+00:00","breadcrumb":{"@id":"https:\/\/metalica.lu\/de\/porte-entree-comment-la-choisir\/#breadcrumb"},"inLanguage":"de","potentialAction":[{"@type":"ReadAction","target":["https:\/\/metalica.lu\/de\/porte-entree-comment-la-choisir\/"]}]},{"@type":"ImageObject","inLanguage":"de","@id":"https:\/\/metalica.lu\/de\/porte-entree-comment-la-choisir\/#primaryimage","url":"https:\/\/metalica.lu\/wp-content\/uploads\/2023\/09\/Capture-decran-2020-09-22-a-15.23.41-e1602498613955.png","contentUrl":"https:\/\/metalica.lu\/wp-content\/uploads\/2023\/09\/Capture-decran-2020-09-22-a-15.23.41-e1602498613955.png","width":600,"height":412},{"@type":"BreadcrumbList","@id":"https:\/\/metalica.lu\/de\/porte-entree-comment-la-choisir\/#breadcrumb","itemListElement":[{"@type":"ListItem","position":1,"name":"Accueil","item":"https:\/\/metalica.lu\/de\/"},{"@type":"ListItem","position":2,"name":"Porte d&#8217;entr\u00e9e : comment bien la choisir ?"}]},{"@type":"WebSite","@id":"https:\/\/metalica.lu\/de\/#website","url":"https:\/\/metalica.lu\/de\/","name":"Metalica","description":"","publisher":{"@id":"https:\/\/metalica.lu\/de\/#organization"},"potentialAction":[{"@type":"SearchAction","target":{"@type":"EntryPoint","urlTemplate":"https:\/\/metalica.lu\/de\/?s={search_term_string}"},"query-input":{"@type":"PropertyValueSpecification","valueRequired":true,"valueName":"search_term_string"}}],"inLanguage":"de"},{"@type":"Organization","@id":"https:\/\/metalica.lu\/de\/#organization","name":"Metalica","url":"https:\/\/metalica.lu\/de\/","logo":{"@type":"ImageObject","inLanguage":"de","@id":"https:\/\/metalica.lu\/de\/#\/schema\/logo\/image\/","url":"https:\/\/metalica.lu\/wp-content\/uploads\/2024\/05\/site-logo.png","contentUrl":"https:\/\/metalica.lu\/wp-content\/uploads\/2024\/05\/site-logo.png","width":238,"height":62,"caption":"Metalica"},"image":{"@id":"https:\/\/metalica.lu\/de\/#\/schema\/logo\/image\/"},"sameAs":["https:\/\/www.facebook.com\/metalicahome\/"]},{"@type":"Person","@id":"https:\/\/metalica.lu\/de\/#\/schema\/person\/98a2df906fbee4dd037dc744a40b0681","name":"Anton Nik","image":{"@type":"ImageObject","inLanguage":"de","@id":"https:\/\/metalica.lu\/wp-content\/litespeed\/avatar\/4f6f8c8f622e84309672684d781329d5.jpg?ver=1777307118","url":"https:\/\/metalica.lu\/wp-content\/litespeed\/avatar\/4f6f8c8f622e84309672684d781329d5.jpg?ver=1777307118","contentUrl":"https:\/\/metalica.lu\/wp-content\/litespeed\/avatar\/4f6f8c8f622e84309672684d781329d5.jpg?ver=1777307118","caption":"Anton Nik"},"sameAs":["https:\/\/metalica.lu"],"url":"https:\/\/metalica.lu\/de\/author\/anton\/"}]}},"_links":{"self":[{"href":"https:\/\/metalica.lu\/de\/wp-json\/wp\/v2\/posts\/7112","targetHints":{"allow":["GET"]}}],"collection":[{"href":"https:\/\/metalica.lu\/de\/wp-json\/wp\/v2\/posts"}],"about":[{"href":"https:\/\/metalica.lu\/de\/wp-json\/wp\/v2\/types\/post"}],"author":[{"embeddable":true,"href":"https:\/\/metalica.lu\/de\/wp-json\/wp\/v2\/users\/1"}],"replies":[{"embeddable":true,"href":"https:\/\/metalica.lu\/de\/wp-json\/wp\/v2\/comments?post=7112"}],"version-history":[{"count":1,"href":"https:\/\/metalica.lu\/de\/wp-json\/wp\/v2\/posts\/7112\/revisions"}],"predecessor-version":[{"id":8970,"href":"https:\/\/metalica.lu\/de\/wp-json\/wp\/v2\/posts\/7112\/revisions\/8970"}],"wp:featuredmedia":[{"embeddable":true,"href":"https:\/\/metalica.lu\/de\/wp-json\/wp\/v2\/media\/2482"}],"wp:attachment":[{"href":"https:\/\/metalica.lu\/de\/wp-json\/wp\/v2\/media?parent=7112"}],"wp:term":[{"taxonomy":"category","embeddable":true,"href":"https:\/\/metalica.lu\/de\/wp-json\/wp\/v2\/categories?post=7112"},{"taxonomy":"post_tag","embeddable":true,"href":"https:\/\/metalica.lu\/de\/wp-json\/wp\/v2\/tags?post=7112"}],"curies":[{"name":"wp","href":"https:\/\/api.w.org\/{rel}","templated":true}]}}