{"id":7111,"date":"2020-10-12T09:05:44","date_gmt":"2020-10-12T07:05:44","guid":{"rendered":"https:\/\/metalica.lu\/blog\/coefficient-isolation-thermique-uw\/"},"modified":"2026-04-07T07:54:37","modified_gmt":"2026-04-07T05:54:37","slug":"coefficient-isolation-thermique-uw","status":"publish","type":"post","link":"https:\/\/metalica.lu\/de\/coefficient-isolation-thermique-uw\/","title":{"rendered":"Le coefficient d&#8217;isolation thermique Uw comme r\u00e9f\u00e9rence"},"content":{"rendered":"<p>Le <strong>coefficient d&#8217;isolation thermique<\/strong> Uw exprim\u00e9 en W\/m\u00b2 K correspond \u00e0 la <strong>performance de l\u2019isolation thermique <\/strong>de votre fen\u00eatre. Son calcul d\u00e9pend d\u2019une multitude de facteurs m\u00ealant le type et les caract\u00e9ristiques de votre vitrage, ainsi que le mat\u00e9riau de conception de votre menuiserie. D\u00e9couvrez dans cet article le mode de calcul et les caract\u00e9ristiques de la <strong>valeur Uw<\/strong>, r\u00e9f\u00e9rence en termes de protection thermique.<\/p>\n<h2>Les valeurs d&#8217;un coefficient d&#8217;isolation thermique Uw performant<\/h2>\n<h3>Le principe du coefficient Uw<\/h3>\n<p>Utilis\u00e9 pour \u00e9valuer la performance d&#8217;isolation d&#8217;une fen\u00eatre en mesurant la d\u00e9perdition \u00e9nerg\u00e9tique du ch\u00e2ssis associ\u00e9 au vitrage, le coefficient Uw de transmission thermique est exprim\u00e9 en W\/m\u00b2 K.<\/p>\n<p>D\u00e9finition de ses indicateurs :<\/p>\n<ul>\n<li>W pour watts ;<\/li>\n<li>m\u00b2 pour m\u00e8tres carr\u00e9s du vitrage et du ch\u00e2ssis ;<\/li>\n<li>K (exprim\u00e9 en degr\u00e9 Kelvin), pour la diff\u00e9rence de temp\u00e9rature entre l\u2019int\u00e9rieur et l\u2019ext\u00e9rieur de l&#8217;habitat.<\/li>\n<\/ul>\n<p>Ainsi, plus l&#8217;indice Uw sera minime, plus l&#8217;isolation sera de qualit\u00e9 et donc meilleure sera la performance de votre paroi vitr\u00e9e. Ce ratio prend en compte le vitrage et le profil\u00e9 p\u00e9riph\u00e9rique qui constituent l&#8217;ensemble de la fen\u00eatre.<br \/>\nAujourd\u2019hui, on recommande pour les nouvelles constructions, un coefficient Uw de 0,9 pour l\u2019ensemble des ch\u00e2ssis.<\/p>\n<h3>Les importantes performances d&#8217;isolation thermique<\/h3>\n<p>Pour arriver \u00e0 des valeurs de coefficient Uw tr\u00e8s basses, le r\u00f4le de chaque corps de m\u00e9tier est primordial :<\/p>\n<ul>\n<li>Les producteurs de profil\u00e9s en aluminium pr\u00e9sents sur le march\u00e9 ont su d\u00e9velopper des \u00e9l\u00e9ments thermiques tr\u00e8s performants avec des connexions ext\u00e9rieures et int\u00e9rieures de coque en aluminium. On parle de fen\u00eatres aluminium en profil\u00e9s \u00e0 rupture de pont thermique.<\/li>\n<li>Les vitriers ont de leur c\u00f4t\u00e9 travaill\u00e9 sur les couches appliqu\u00e9es sur le verre, et la valeur PSI du vitrage (les joints qui connectent les vitrages entre eux) jusqu&#8217;\u00e0 atteindre des valeurs proches de 0,040 ou inf\u00e9rieures. Ces vitrages \u00e0 basses \u00e9missivit\u00e9s r\u00e9pondent ainsi parfaitement \u00e0 la r\u00e9glementation thermique.<\/li>\n<\/ul>\n<h3>Les caract\u00e9ristiques du coefficient Ug<\/h3>\n<p>La valeur de transmission thermique Ug tient uniquement compte de la performance d&#8217;isolation des vitrages (simple vitrage, double vitrage, triple vitrage, etc.).<\/p>\n<p>Plus celle-ci sera basse, plus le vitrage sera performant.<\/p>\n<h2>Les facteurs pr\u00e9sents dans le calcul \u00e9nerg\u00e9tique<\/h2>\n<p>3 facteurs sont \u00e0 prendre en consid\u00e9ration dans le calcul \u00e9nerg\u00e9tique de vos fen\u00eatres :<\/p>\n<ul>\n<li>la valeur Uw correspondant \u00e0 l\u2019isolation thermique de l\u2019\u00e9l\u00e9ment vitr\u00e9. Elle traduit sa capacit\u00e9 \u00e0 maintenir la temp\u00e9rature int\u00e9rieure ;<\/li>\n<li>le facteur solaire (facteur g) haut ou bas, traduisant sa capacit\u00e9 \u00e0 transmettre la chaleur d\u2019origine solaire \u00e0 l\u2019int\u00e9rieur de votre maison. Plus il est haut, plus la quantit\u00e9 de chaleur transmise sera \u00e9lev\u00e9e ;<\/li>\n<li>l&#8217;indice de transmission lumineuse Tl, exprimant la facult\u00e9 du verre \u00e0 transmettre la lumi\u00e8re naturelle \u00e0 l\u2019int\u00e9rieur de la maison. Plus il est \u00e9lev\u00e9, plus la quantit\u00e9 de lumi\u00e8re naturelle sera forte.<\/li>\n<\/ul>\n<h3>Exemples concrets de calculs d&#8217;isolation thermique<\/h3>\n<h4>Pour une maison poss\u00e9dant 20 m\u00b2 de vitrage + ch\u00e2ssis<\/h4>\n<p>Caract\u00e9ristiques de l&#8217;environnement de l&#8217;habitation :<\/p>\n<ul>\n<li>temp\u00e9rature ext\u00e9rieure de 0\u00b0 Celsius (273\u00b0 Kelvin) ;<\/li>\n<li>temp\u00e9rature int\u00e9rieure de 20\u00b0 Celsius (293\u00b0 Kelvin) ;<\/li>\n<li>coefficient Uw de 0, 8 W\/m\u00b2 K (coefficient moyen d\u2019une fen\u00eatre).<\/li>\n<\/ul>\n<p>Uw = 0,8 x 20 x (293-273), correspondant \u00e0 320 W\/heure, soit une d\u00e9perdition thermique de 7,68 kW\/jour.<br \/>\nLe prix moyen du kW \u00e9tant de 0,12 \u20ac cela repr\u00e9sente un co\u00fbt moyen de 28 \u20ac\/mois (7,68 kW x 0,12 \u20ac x 30 jours).<\/p>\n<h4>Pour une fen\u00eatre des ann\u00e9es 80 en double vitrage<\/h4>\n<p>Coefficient Uw du vitrage et co\u00fbt mensuel :<\/p>\n<ul>\n<li>Uw = 4,0 w\/m\u00b2 K ;<\/li>\n<li>d\u00e9perdition thermique de 38,40 kW\/jour ;<\/li>\n<li>140 \u20ac de d\u00e9penses mensuelles engendr\u00e9es.<\/li>\n<\/ul>\n<h4>Pour une fen\u00eatre des ann\u00e9es 70 en simple vitrage<\/h4>\n<p>En tenant compte des m\u00eames donn\u00e9es :<\/p>\n<ul>\n<li>Uw = 6w\/m\u00b2 K ;<\/li>\n<li>si temp\u00e9rature ext\u00e9rieure de -10 \u00b0C ;<\/li>\n<li>291 \u20ac de d\u00e9penses mensuelles engendr\u00e9es.<\/li>\n<\/ul>\n<p>Avoir connaissance de son coefficient d&#8217;isolation thermique Uw vous assure une bonne isolation, et peut \u00e9galement \u00eatre une source d&#8217;importantes \u00e9conomies et de confort.<\/p>\n<p>Pour plus de renseignements <a href=\"https:\/\/metalica.lu\/de\/kontakt\/\" target=\"_blank\" rel=\"noopener noreferrer\">demandez conseil <\/a>\u00e0 l&#8217;un de nos conseillers Metalica.<\/p>\n","protected":false},"excerpt":{"rendered":"<p>D\u00e9couvrez dans cet article en quoi le coefficient d&#8217;isolation thermique Uw est important pour votre habitation et votre confort personnel.<\/p>\n","protected":false},"author":14,"featured_media":2498,"comment_status":"closed","ping_status":"closed","sticky":false,"template":"","format":"standard","meta":{"_acf_changed":false,"footnotes":""},"categories":[114],"tags":[],"class_list":["post-7111","post","type-post","status-publish","format-standard","has-post-thumbnail","hentry","category-blog-de"],"acf":[],"yoast_head":"<!-- This site is optimized with the Yoast SEO Premium plugin v27.2 (Yoast SEO v27.5) - https:\/\/yoast.com\/product\/yoast-seo-premium-wordpress\/ -->\n<title>Le coefficient d&#039;isolation thermique Uw comme r\u00e9f\u00e9rence - Metalica<\/title>\n<meta name=\"robots\" content=\"index, follow, max-snippet:-1, max-image-preview:large, max-video-preview:-1\" \/>\n<link rel=\"canonical\" href=\"https:\/\/metalica.lu\/de\/coefficient-isolation-thermique-uw\/\" \/>\n<meta property=\"og:locale\" content=\"de_DE\" \/>\n<meta property=\"og:type\" content=\"article\" \/>\n<meta property=\"og:title\" content=\"Le coefficient d&#039;isolation thermique Uw comme r\u00e9f\u00e9rence\" \/>\n<meta property=\"og:description\" content=\"D\u00e9couvrez dans cet article en quoi le coefficient d&#039;isolation thermique Uw est important pour votre habitation et votre confort personnel.\" \/>\n<meta property=\"og:url\" content=\"https:\/\/metalica.lu\/de\/coefficient-isolation-thermique-uw\/\" \/>\n<meta property=\"og:site_name\" content=\"Metalica\" \/>\n<meta property=\"article:publisher\" content=\"https:\/\/www.facebook.com\/metalicahome\/\" \/>\n<meta property=\"article:published_time\" content=\"2020-10-12T07:05:44+00:00\" \/>\n<meta property=\"article:modified_time\" content=\"2026-04-07T05:54:37+00:00\" \/>\n<meta property=\"og:image\" content=\"https:\/\/metalica.lu\/wp-content\/uploads\/2023\/09\/fenetres-coefficient-isolation-thermique-e1602491709782.jpg\" \/>\n\t<meta property=\"og:image:width\" content=\"600\" \/>\n\t<meta property=\"og:image:height\" content=\"383\" \/>\n\t<meta property=\"og:image:type\" content=\"image\/jpeg\" \/>\n<meta name=\"author\" content=\"cesar\" \/>\n<meta name=\"twitter:card\" content=\"summary_large_image\" \/>\n<meta name=\"twitter:label1\" content=\"Verfasst von\" \/>\n\t<meta name=\"twitter:data1\" content=\"cesar\" \/>\n\t<meta name=\"twitter:label2\" content=\"Gesch\u00e4tzte Lesezeit\" \/>\n\t<meta name=\"twitter:data2\" content=\"3\u00a0Minuten\" \/>\n<script type=\"application\/ld+json\" class=\"yoast-schema-graph\">{\"@context\":\"https:\\\/\\\/schema.org\",\"@graph\":[{\"@type\":\"Article\",\"@id\":\"https:\\\/\\\/metalica.lu\\\/de\\\/coefficient-isolation-thermique-uw\\\/#article\",\"isPartOf\":{\"@id\":\"https:\\\/\\\/metalica.lu\\\/de\\\/coefficient-isolation-thermique-uw\\\/\"},\"author\":{\"name\":\"cesar\",\"@id\":\"https:\\\/\\\/metalica.lu\\\/de\\\/#\\\/schema\\\/person\\\/3d133e88d4fb25ee9eb65989620999fb\"},\"headline\":\"Le coefficient d&#8217;isolation thermique Uw comme r\u00e9f\u00e9rence\",\"datePublished\":\"2020-10-12T07:05:44+00:00\",\"dateModified\":\"2026-04-07T05:54:37+00:00\",\"mainEntityOfPage\":{\"@id\":\"https:\\\/\\\/metalica.lu\\\/de\\\/coefficient-isolation-thermique-uw\\\/\"},\"wordCount\":720,\"publisher\":{\"@id\":\"https:\\\/\\\/metalica.lu\\\/de\\\/#organization\"},\"image\":{\"@id\":\"https:\\\/\\\/metalica.lu\\\/de\\\/coefficient-isolation-thermique-uw\\\/#primaryimage\"},\"thumbnailUrl\":\"https:\\\/\\\/metalica.lu\\\/wp-content\\\/uploads\\\/2023\\\/09\\\/fenetres-coefficient-isolation-thermique-e1602491709782.jpg\",\"articleSection\":[\"blog\"],\"inLanguage\":\"de\"},{\"@type\":\"WebPage\",\"@id\":\"https:\\\/\\\/metalica.lu\\\/de\\\/coefficient-isolation-thermique-uw\\\/\",\"url\":\"https:\\\/\\\/metalica.lu\\\/de\\\/coefficient-isolation-thermique-uw\\\/\",\"name\":\"Le coefficient d'isolation thermique Uw comme r\u00e9f\u00e9rence - Metalica\",\"isPartOf\":{\"@id\":\"https:\\\/\\\/metalica.lu\\\/de\\\/#website\"},\"primaryImageOfPage\":{\"@id\":\"https:\\\/\\\/metalica.lu\\\/de\\\/coefficient-isolation-thermique-uw\\\/#primaryimage\"},\"image\":{\"@id\":\"https:\\\/\\\/metalica.lu\\\/de\\\/coefficient-isolation-thermique-uw\\\/#primaryimage\"},\"thumbnailUrl\":\"https:\\\/\\\/metalica.lu\\\/wp-content\\\/uploads\\\/2023\\\/09\\\/fenetres-coefficient-isolation-thermique-e1602491709782.jpg\",\"datePublished\":\"2020-10-12T07:05:44+00:00\",\"dateModified\":\"2026-04-07T05:54:37+00:00\",\"breadcrumb\":{\"@id\":\"https:\\\/\\\/metalica.lu\\\/de\\\/coefficient-isolation-thermique-uw\\\/#breadcrumb\"},\"inLanguage\":\"de\",\"potentialAction\":[{\"@type\":\"ReadAction\",\"target\":[\"https:\\\/\\\/metalica.lu\\\/de\\\/coefficient-isolation-thermique-uw\\\/\"]}]},{\"@type\":\"ImageObject\",\"inLanguage\":\"de\",\"@id\":\"https:\\\/\\\/metalica.lu\\\/de\\\/coefficient-isolation-thermique-uw\\\/#primaryimage\",\"url\":\"https:\\\/\\\/metalica.lu\\\/wp-content\\\/uploads\\\/2023\\\/09\\\/fenetres-coefficient-isolation-thermique-e1602491709782.jpg\",\"contentUrl\":\"https:\\\/\\\/metalica.lu\\\/wp-content\\\/uploads\\\/2023\\\/09\\\/fenetres-coefficient-isolation-thermique-e1602491709782.jpg\",\"width\":600,\"height\":383},{\"@type\":\"BreadcrumbList\",\"@id\":\"https:\\\/\\\/metalica.lu\\\/de\\\/coefficient-isolation-thermique-uw\\\/#breadcrumb\",\"itemListElement\":[{\"@type\":\"ListItem\",\"position\":1,\"name\":\"Accueil\",\"item\":\"https:\\\/\\\/metalica.lu\\\/de\\\/\"},{\"@type\":\"ListItem\",\"position\":2,\"name\":\"Le coefficient d&#8217;isolation thermique Uw comme r\u00e9f\u00e9rence\"}]},{\"@type\":\"WebSite\",\"@id\":\"https:\\\/\\\/metalica.lu\\\/de\\\/#website\",\"url\":\"https:\\\/\\\/metalica.lu\\\/de\\\/\",\"name\":\"Metalica\",\"description\":\"\",\"publisher\":{\"@id\":\"https:\\\/\\\/metalica.lu\\\/de\\\/#organization\"},\"potentialAction\":[{\"@type\":\"SearchAction\",\"target\":{\"@type\":\"EntryPoint\",\"urlTemplate\":\"https:\\\/\\\/metalica.lu\\\/de\\\/?s={search_term_string}\"},\"query-input\":{\"@type\":\"PropertyValueSpecification\",\"valueRequired\":true,\"valueName\":\"search_term_string\"}}],\"inLanguage\":\"de\"},{\"@type\":\"Organization\",\"@id\":\"https:\\\/\\\/metalica.lu\\\/de\\\/#organization\",\"name\":\"Metalica\",\"url\":\"https:\\\/\\\/metalica.lu\\\/de\\\/\",\"logo\":{\"@type\":\"ImageObject\",\"inLanguage\":\"de\",\"@id\":\"https:\\\/\\\/metalica.lu\\\/de\\\/#\\\/schema\\\/logo\\\/image\\\/\",\"url\":\"https:\\\/\\\/metalica.lu\\\/wp-content\\\/uploads\\\/2024\\\/05\\\/site-logo.png\",\"contentUrl\":\"https:\\\/\\\/metalica.lu\\\/wp-content\\\/uploads\\\/2024\\\/05\\\/site-logo.png\",\"width\":238,\"height\":62,\"caption\":\"Metalica\"},\"image\":{\"@id\":\"https:\\\/\\\/metalica.lu\\\/de\\\/#\\\/schema\\\/logo\\\/image\\\/\"},\"sameAs\":[\"https:\\\/\\\/www.facebook.com\\\/metalicahome\\\/\"]},{\"@type\":\"Person\",\"@id\":\"https:\\\/\\\/metalica.lu\\\/de\\\/#\\\/schema\\\/person\\\/3d133e88d4fb25ee9eb65989620999fb\",\"name\":\"cesar\",\"image\":{\"@type\":\"ImageObject\",\"inLanguage\":\"de\",\"@id\":\"https:\\\/\\\/metalica.lu\\\/wp-content\\\/litespeed\\\/avatar\\\/555f6236e9abb0f6afd90e335c883c9f.jpg?ver=1777083886\",\"url\":\"https:\\\/\\\/metalica.lu\\\/wp-content\\\/litespeed\\\/avatar\\\/555f6236e9abb0f6afd90e335c883c9f.jpg?ver=1777083886\",\"contentUrl\":\"https:\\\/\\\/metalica.lu\\\/wp-content\\\/litespeed\\\/avatar\\\/555f6236e9abb0f6afd90e335c883c9f.jpg?ver=1777083886\",\"caption\":\"cesar\"},\"url\":\"https:\\\/\\\/metalica.lu\\\/de\\\/author\\\/cesar\\\/\"}]}<\/script>\n<!-- \/ Yoast SEO Premium plugin. -->","yoast_head_json":{"title":"Le coefficient d'isolation thermique Uw comme r\u00e9f\u00e9rence - Metalica","robots":{"index":"index","follow":"follow","max-snippet":"max-snippet:-1","max-image-preview":"max-image-preview:large","max-video-preview":"max-video-preview:-1"},"canonical":"https:\/\/metalica.lu\/de\/coefficient-isolation-thermique-uw\/","og_locale":"de_DE","og_type":"article","og_title":"Le coefficient d'isolation thermique Uw comme r\u00e9f\u00e9rence","og_description":"D\u00e9couvrez dans cet article en quoi le coefficient d'isolation thermique Uw est important pour votre habitation et votre confort personnel.","og_url":"https:\/\/metalica.lu\/de\/coefficient-isolation-thermique-uw\/","og_site_name":"Metalica","article_publisher":"https:\/\/www.facebook.com\/metalicahome\/","article_published_time":"2020-10-12T07:05:44+00:00","article_modified_time":"2026-04-07T05:54:37+00:00","og_image":[{"width":600,"height":383,"url":"https:\/\/metalica.lu\/wp-content\/uploads\/2023\/09\/fenetres-coefficient-isolation-thermique-e1602491709782.jpg","type":"image\/jpeg"}],"author":"cesar","twitter_card":"summary_large_image","twitter_misc":{"Verfasst von":"cesar","Gesch\u00e4tzte Lesezeit":"3\u00a0Minuten"},"schema":{"@context":"https:\/\/schema.org","@graph":[{"@type":"Article","@id":"https:\/\/metalica.lu\/de\/coefficient-isolation-thermique-uw\/#article","isPartOf":{"@id":"https:\/\/metalica.lu\/de\/coefficient-isolation-thermique-uw\/"},"author":{"name":"cesar","@id":"https:\/\/metalica.lu\/de\/#\/schema\/person\/3d133e88d4fb25ee9eb65989620999fb"},"headline":"Le coefficient d&#8217;isolation thermique Uw comme r\u00e9f\u00e9rence","datePublished":"2020-10-12T07:05:44+00:00","dateModified":"2026-04-07T05:54:37+00:00","mainEntityOfPage":{"@id":"https:\/\/metalica.lu\/de\/coefficient-isolation-thermique-uw\/"},"wordCount":720,"publisher":{"@id":"https:\/\/metalica.lu\/de\/#organization"},"image":{"@id":"https:\/\/metalica.lu\/de\/coefficient-isolation-thermique-uw\/#primaryimage"},"thumbnailUrl":"https:\/\/metalica.lu\/wp-content\/uploads\/2023\/09\/fenetres-coefficient-isolation-thermique-e1602491709782.jpg","articleSection":["blog"],"inLanguage":"de"},{"@type":"WebPage","@id":"https:\/\/metalica.lu\/de\/coefficient-isolation-thermique-uw\/","url":"https:\/\/metalica.lu\/de\/coefficient-isolation-thermique-uw\/","name":"Le coefficient d'isolation thermique Uw comme r\u00e9f\u00e9rence - Metalica","isPartOf":{"@id":"https:\/\/metalica.lu\/de\/#website"},"primaryImageOfPage":{"@id":"https:\/\/metalica.lu\/de\/coefficient-isolation-thermique-uw\/#primaryimage"},"image":{"@id":"https:\/\/metalica.lu\/de\/coefficient-isolation-thermique-uw\/#primaryimage"},"thumbnailUrl":"https:\/\/metalica.lu\/wp-content\/uploads\/2023\/09\/fenetres-coefficient-isolation-thermique-e1602491709782.jpg","datePublished":"2020-10-12T07:05:44+00:00","dateModified":"2026-04-07T05:54:37+00:00","breadcrumb":{"@id":"https:\/\/metalica.lu\/de\/coefficient-isolation-thermique-uw\/#breadcrumb"},"inLanguage":"de","potentialAction":[{"@type":"ReadAction","target":["https:\/\/metalica.lu\/de\/coefficient-isolation-thermique-uw\/"]}]},{"@type":"ImageObject","inLanguage":"de","@id":"https:\/\/metalica.lu\/de\/coefficient-isolation-thermique-uw\/#primaryimage","url":"https:\/\/metalica.lu\/wp-content\/uploads\/2023\/09\/fenetres-coefficient-isolation-thermique-e1602491709782.jpg","contentUrl":"https:\/\/metalica.lu\/wp-content\/uploads\/2023\/09\/fenetres-coefficient-isolation-thermique-e1602491709782.jpg","width":600,"height":383},{"@type":"BreadcrumbList","@id":"https:\/\/metalica.lu\/de\/coefficient-isolation-thermique-uw\/#breadcrumb","itemListElement":[{"@type":"ListItem","position":1,"name":"Accueil","item":"https:\/\/metalica.lu\/de\/"},{"@type":"ListItem","position":2,"name":"Le coefficient d&#8217;isolation thermique Uw comme r\u00e9f\u00e9rence"}]},{"@type":"WebSite","@id":"https:\/\/metalica.lu\/de\/#website","url":"https:\/\/metalica.lu\/de\/","name":"Metalica","description":"","publisher":{"@id":"https:\/\/metalica.lu\/de\/#organization"},"potentialAction":[{"@type":"SearchAction","target":{"@type":"EntryPoint","urlTemplate":"https:\/\/metalica.lu\/de\/?s={search_term_string}"},"query-input":{"@type":"PropertyValueSpecification","valueRequired":true,"valueName":"search_term_string"}}],"inLanguage":"de"},{"@type":"Organization","@id":"https:\/\/metalica.lu\/de\/#organization","name":"Metalica","url":"https:\/\/metalica.lu\/de\/","logo":{"@type":"ImageObject","inLanguage":"de","@id":"https:\/\/metalica.lu\/de\/#\/schema\/logo\/image\/","url":"https:\/\/metalica.lu\/wp-content\/uploads\/2024\/05\/site-logo.png","contentUrl":"https:\/\/metalica.lu\/wp-content\/uploads\/2024\/05\/site-logo.png","width":238,"height":62,"caption":"Metalica"},"image":{"@id":"https:\/\/metalica.lu\/de\/#\/schema\/logo\/image\/"},"sameAs":["https:\/\/www.facebook.com\/metalicahome\/"]},{"@type":"Person","@id":"https:\/\/metalica.lu\/de\/#\/schema\/person\/3d133e88d4fb25ee9eb65989620999fb","name":"cesar","image":{"@type":"ImageObject","inLanguage":"de","@id":"https:\/\/metalica.lu\/wp-content\/litespeed\/avatar\/555f6236e9abb0f6afd90e335c883c9f.jpg?ver=1777083886","url":"https:\/\/metalica.lu\/wp-content\/litespeed\/avatar\/555f6236e9abb0f6afd90e335c883c9f.jpg?ver=1777083886","contentUrl":"https:\/\/metalica.lu\/wp-content\/litespeed\/avatar\/555f6236e9abb0f6afd90e335c883c9f.jpg?ver=1777083886","caption":"cesar"},"url":"https:\/\/metalica.lu\/de\/author\/cesar\/"}]}},"_links":{"self":[{"href":"https:\/\/metalica.lu\/de\/wp-json\/wp\/v2\/posts\/7111","targetHints":{"allow":["GET"]}}],"collection":[{"href":"https:\/\/metalica.lu\/de\/wp-json\/wp\/v2\/posts"}],"about":[{"href":"https:\/\/metalica.lu\/de\/wp-json\/wp\/v2\/types\/post"}],"author":[{"embeddable":true,"href":"https:\/\/metalica.lu\/de\/wp-json\/wp\/v2\/users\/14"}],"replies":[{"embeddable":true,"href":"https:\/\/metalica.lu\/de\/wp-json\/wp\/v2\/comments?post=7111"}],"version-history":[{"count":1,"href":"https:\/\/metalica.lu\/de\/wp-json\/wp\/v2\/posts\/7111\/revisions"}],"predecessor-version":[{"id":8964,"href":"https:\/\/metalica.lu\/de\/wp-json\/wp\/v2\/posts\/7111\/revisions\/8964"}],"wp:featuredmedia":[{"embeddable":true,"href":"https:\/\/metalica.lu\/de\/wp-json\/wp\/v2\/media\/2498"}],"wp:attachment":[{"href":"https:\/\/metalica.lu\/de\/wp-json\/wp\/v2\/media?parent=7111"}],"wp:term":[{"taxonomy":"category","embeddable":true,"href":"https:\/\/metalica.lu\/de\/wp-json\/wp\/v2\/categories?post=7111"},{"taxonomy":"post_tag","embeddable":true,"href":"https:\/\/metalica.lu\/de\/wp-json\/wp\/v2\/tags?post=7111"}],"curies":[{"name":"wp","href":"https:\/\/api.w.org\/{rel}","templated":true}]}}