{"id":7110,"date":"2020-10-12T09:10:38","date_gmt":"2020-10-12T07:10:38","guid":{"rendered":"https:\/\/metalica.lu\/blog\/fenetre-bois-alu-pvc-alu\/"},"modified":"2026-04-07T07:54:35","modified_gmt":"2026-04-07T05:54:35","slug":"fenetre-bois-alu-pvc-alu","status":"publish","type":"post","link":"https:\/\/metalica.lu\/de\/fenetre-bois-alu-pvc-alu\/","title":{"rendered":"Fen\u00eatre Bois-Alu et PVC-Alu : les combinaisons tendance"},"content":{"rendered":"<p>Les <strong>fen\u00eatres mixtes <\/strong>associant deux mat\u00e9riaux sont tr\u00e8s tendances aujourd&#8217;hui. Le <strong>ch\u00e2ssis PVC-Alu<\/strong> harmonise parfaitement la performance du PVC au design de l\u2019aluminium. La <strong>fen\u00eatre Bois-Alu<\/strong> associe quant \u00e0 elle la finesse des profil\u00e9s \u00e0 l&#8217;esth\u00e9tisme du bois de menuiserie.<\/p>\n<h2>Des mod\u00e8les de fen\u00eatres \u00e0 l&#8217;infini<\/h2>\n<p>La combinaison de fen\u00eatre Bois-Alu et PVC-Alu allie robustesse, isolation, esth\u00e9tique et s\u00e9curit\u00e9 aux ouvertures de votre habitation.<\/p>\n<h3>Fen\u00eatre PVC-Alu TOPAS<\/h3>\n<p>De par leur aspect ext\u00e9rieur, les nouveaux mod\u00e8les de fen\u00eatres en PVC-Alu Topas et Topas Plus, s&#8217;accordent \u00e0 merveille aux fen\u00eatres des gammes Platin, Platin Plus et Safir.<\/p>\n<p>Elles offrent un cadre int\u00e9rieur l\u00e9g\u00e8rement d\u00e9cal\u00e9 offrant une grande latitude et permettant ainsi un large choix de quincailleries.<\/p>\n<p>Le mod\u00e8le Topas dispose d&#8217;une largeur de cadre r\u00e9duite et d&#8217;une surface de verre plus grande pour un gain de lumi\u00e8re consid\u00e9rable de 20 % (en comparaison \u00e0 des mod\u00e8les de fen\u00eatres plus standards).<\/p>\n<p>Son noyau suppl\u00e9mentaire de mousse thermique pr\u00e9sent dans le cadre associ\u00e9 au ch\u00e2ssis fournit un excellent confort thermique.<\/p>\n<p>Avec une valeur Uw de 0,75 W\/m\u00b2K pour la s\u00e9rie Topas et 0,68 W\/m\u00b2K pour Topas Plus, cette technologie m\u00eale \u00e0 la fois design exclusif et excellente isolation \u00e0 des tarifs attractifs.<\/p>\n<h3>Fen\u00eatre Bois-Alu PLATIN PASSIV<\/h3>\n<p>Le cadre extr\u00eamement mince du mod\u00e8le Platin Plus est une source importante d&#8217;apport de chaleur solaire et de lumi\u00e8re dans votre pi\u00e8ce.Gr\u00e2ce \u00e0 sa coquille en aluminium, cette fen\u00eatre se combine enti\u00e8rement aux mod\u00e8les en PVC-Alu Safir et Topas, permettant ainsi de maintenir un budget int\u00e9ressant sur l\u2019ensemble de votre projet.<\/p>\n<p>Ses caract\u00e9ristiques techniques telles que la parclose oblique \u00e0 l\u2019int\u00e9rieur, emp\u00eachent la stagnation de condensation sur le profil\u00e9 ; comme cela peut \u00eatre le cas dans les nouvelles constructions.<\/p>\n<p>Les potentiels dommages li\u00e9s \u00e0 l&#8217;humidit\u00e9 sont ainsi r\u00e9duits !<\/p>\n<p>Disposant d&#8217;une isolation thermique sup\u00e9rieure, Platin Plus affiche une valeur Uw de 0,79 W\/m\u00b2K, la rendant adapt\u00e9e aux exigences des maisons passives.<\/p>\n<h3>Fen\u00eatre en composite-Alu SAFIR<\/h3>\n<p>La nouvelle fen\u00eatre design de Josko dispose d&#8217;un cadre \u00e0 la fois stable et fin.<\/p>\n<p>Son secret ? Cette fen\u00eatre est produite en mat\u00e9riaux composites, \u00e0 base de fibres de verre innovantes, et auparavant utilis\u00e9s dans le secteur de l&#8217;aviation.<\/p>\n<p>Malgr\u00e9 ses profil\u00e9s plus minces, ce mat\u00e9riau offre une grande stabilit\u00e9 sans pour autant avoir \u00e0 recourir \u00e0 des renforts suppl\u00e9mentaires en acier.<\/p>\n<p>Le poids de la fen\u00eatre est r\u00e9duit de 40 % et l&#8217;isolation thermique est de 0,67 W\/m\u00b2K.<\/p>\n<p>Son cadre ultra \u00e9troit et sa profondeur de trame de 100 mm avec une hauteur de seulement 74 mm, assurent \u00e0 votre fen\u00eatre un look totalement affin\u00e9 ainsi qu&#8217;une plus grande surface de verre.<\/p>\n<h3>Fen\u00eatre enti\u00e8rement vitr\u00e9e FIX-FRAME BLUE VISION<\/h3>\n<p>Avec son syst\u00e8me enti\u00e8rement vitr\u00e9, la Fix-Frame Blue Vision permet de vivre une toute nouvelle libert\u00e9.<\/p>\n<p>Ce design imagin\u00e9 par Josko a pour but de cr\u00e9er de mani\u00e8re unique un mod\u00e8le d&#8217;ouvrant, capable de satisfaire le d\u00e9sir de libert\u00e9 tant pl\u00e9biscit\u00e9 par les adeptes de l\u2019esth\u00e9tisme. Ce syst\u00e8me brevet\u00e9 offre ainsi un effet optique de fen\u00eatre sans profil\u00e9s.<\/p>\n<p>Une efficacit\u00e9 qui permet de sauter les fronti\u00e8res dans la sophistication du design int\u00e9rieur de votre maison.<br \/>\nCe syst\u00e8me sans cadre Josko a d&#8217;ailleurs \u00e9t\u00e9 prim\u00e9 aux oscars du design &#8220;les Reddot design award&#8221;.<\/p>\n<p>Fen\u00eatre Bois-Alu ou PVC-Alu, vous h\u00e9sitez encore ?\u00a0 <a href=\"https:\/\/metalica.lu\/de\/kontakt\/\" target=\"_blank\" rel=\"noopener\">Renseignez-vous <\/a>aupr\u00e8s de nos conseillers Metalica pour vous assurer de choisir le mod\u00e8le le plus adapt\u00e9 \u00e0 vos envies.<\/p>\n<p>Vous souhaitez visualiser nos mod\u00e8les ? <a href=\"https:\/\/metalica.lu\/de\/kontakt\/\" target=\"_blank\" rel=\"noopener\">Rendez-vous dans notre showroom<\/a> situ\u00e9 \u00e0 Esch-sur-Alzette.<\/p>\n","protected":false},"excerpt":{"rendered":"<p>Fen\u00eatre Bois-Alu ou PVC-Alu, d\u00e9couvrez les performances des mod\u00e8les tendance propos\u00e9s par votre expert Metalica.<\/p>\n","protected":false},"author":14,"featured_media":2490,"comment_status":"closed","ping_status":"closed","sticky":false,"template":"","format":"standard","meta":{"_acf_changed":false,"footnotes":""},"categories":[114],"tags":[],"class_list":["post-7110","post","type-post","status-publish","format-standard","has-post-thumbnail","hentry","category-blog-de"],"acf":[],"yoast_head":"<!-- This site is optimized with the Yoast SEO Premium plugin v27.2 (Yoast SEO v27.5) - https:\/\/yoast.com\/product\/yoast-seo-premium-wordpress\/ -->\n<title>Fen\u00eatre Bois-Alu et PVC-Alu : les combinaisons tendance - Metalica<\/title>\n<meta name=\"robots\" content=\"index, follow, max-snippet:-1, max-image-preview:large, max-video-preview:-1\" \/>\n<link rel=\"canonical\" href=\"https:\/\/metalica.lu\/de\/fenetre-bois-alu-pvc-alu\/\" \/>\n<meta property=\"og:locale\" content=\"de_DE\" \/>\n<meta property=\"og:type\" content=\"article\" \/>\n<meta property=\"og:title\" content=\"Fen\u00eatre Bois-Alu et PVC-Alu : les combinaisons tendance\" \/>\n<meta property=\"og:description\" content=\"Fen\u00eatre Bois-Alu ou PVC-Alu, d\u00e9couvrez les performances des mod\u00e8les tendance propos\u00e9s par votre expert Metalica.\" \/>\n<meta property=\"og:url\" content=\"https:\/\/metalica.lu\/de\/fenetre-bois-alu-pvc-alu\/\" \/>\n<meta property=\"og:site_name\" content=\"Metalica\" \/>\n<meta property=\"article:publisher\" content=\"https:\/\/www.facebook.com\/metalicahome\/\" \/>\n<meta property=\"article:published_time\" content=\"2020-10-12T07:10:38+00:00\" \/>\n<meta property=\"article:modified_time\" content=\"2026-04-07T05:54:35+00:00\" \/>\n<meta property=\"og:image\" content=\"https:\/\/metalica.lu\/wp-content\/uploads\/2023\/09\/Fenetres.jpg\" \/>\n\t<meta property=\"og:image:width\" content=\"602\" \/>\n\t<meta property=\"og:image:height\" content=\"401\" \/>\n\t<meta property=\"og:image:type\" content=\"image\/jpeg\" \/>\n<meta name=\"author\" content=\"cesar\" \/>\n<meta name=\"twitter:card\" content=\"summary_large_image\" \/>\n<meta name=\"twitter:label1\" content=\"Verfasst von\" \/>\n\t<meta name=\"twitter:data1\" content=\"cesar\" \/>\n\t<meta name=\"twitter:label2\" content=\"Gesch\u00e4tzte Lesezeit\" \/>\n\t<meta name=\"twitter:data2\" content=\"3\u00a0Minuten\" \/>\n<script type=\"application\/ld+json\" class=\"yoast-schema-graph\">{\"@context\":\"https:\\\/\\\/schema.org\",\"@graph\":[{\"@type\":\"Article\",\"@id\":\"https:\\\/\\\/metalica.lu\\\/de\\\/fenetre-bois-alu-pvc-alu\\\/#article\",\"isPartOf\":{\"@id\":\"https:\\\/\\\/metalica.lu\\\/de\\\/fenetre-bois-alu-pvc-alu\\\/\"},\"author\":{\"name\":\"cesar\",\"@id\":\"https:\\\/\\\/metalica.lu\\\/de\\\/#\\\/schema\\\/person\\\/3d133e88d4fb25ee9eb65989620999fb\"},\"headline\":\"Fen\u00eatre Bois-Alu et PVC-Alu : les combinaisons tendance\",\"datePublished\":\"2020-10-12T07:10:38+00:00\",\"dateModified\":\"2026-04-07T05:54:35+00:00\",\"mainEntityOfPage\":{\"@id\":\"https:\\\/\\\/metalica.lu\\\/de\\\/fenetre-bois-alu-pvc-alu\\\/\"},\"wordCount\":656,\"publisher\":{\"@id\":\"https:\\\/\\\/metalica.lu\\\/de\\\/#organization\"},\"image\":{\"@id\":\"https:\\\/\\\/metalica.lu\\\/de\\\/fenetre-bois-alu-pvc-alu\\\/#primaryimage\"},\"thumbnailUrl\":\"https:\\\/\\\/metalica.lu\\\/wp-content\\\/uploads\\\/2023\\\/09\\\/Fenetres.jpg\",\"articleSection\":[\"blog\"],\"inLanguage\":\"de\"},{\"@type\":\"WebPage\",\"@id\":\"https:\\\/\\\/metalica.lu\\\/de\\\/fenetre-bois-alu-pvc-alu\\\/\",\"url\":\"https:\\\/\\\/metalica.lu\\\/de\\\/fenetre-bois-alu-pvc-alu\\\/\",\"name\":\"Fen\u00eatre Bois-Alu et PVC-Alu : les combinaisons tendance - Metalica\",\"isPartOf\":{\"@id\":\"https:\\\/\\\/metalica.lu\\\/de\\\/#website\"},\"primaryImageOfPage\":{\"@id\":\"https:\\\/\\\/metalica.lu\\\/de\\\/fenetre-bois-alu-pvc-alu\\\/#primaryimage\"},\"image\":{\"@id\":\"https:\\\/\\\/metalica.lu\\\/de\\\/fenetre-bois-alu-pvc-alu\\\/#primaryimage\"},\"thumbnailUrl\":\"https:\\\/\\\/metalica.lu\\\/wp-content\\\/uploads\\\/2023\\\/09\\\/Fenetres.jpg\",\"datePublished\":\"2020-10-12T07:10:38+00:00\",\"dateModified\":\"2026-04-07T05:54:35+00:00\",\"breadcrumb\":{\"@id\":\"https:\\\/\\\/metalica.lu\\\/de\\\/fenetre-bois-alu-pvc-alu\\\/#breadcrumb\"},\"inLanguage\":\"de\",\"potentialAction\":[{\"@type\":\"ReadAction\",\"target\":[\"https:\\\/\\\/metalica.lu\\\/de\\\/fenetre-bois-alu-pvc-alu\\\/\"]}]},{\"@type\":\"ImageObject\",\"inLanguage\":\"de\",\"@id\":\"https:\\\/\\\/metalica.lu\\\/de\\\/fenetre-bois-alu-pvc-alu\\\/#primaryimage\",\"url\":\"https:\\\/\\\/metalica.lu\\\/wp-content\\\/uploads\\\/2023\\\/09\\\/Fenetres.jpg\",\"contentUrl\":\"https:\\\/\\\/metalica.lu\\\/wp-content\\\/uploads\\\/2023\\\/09\\\/Fenetres.jpg\",\"width\":602,\"height\":401},{\"@type\":\"BreadcrumbList\",\"@id\":\"https:\\\/\\\/metalica.lu\\\/de\\\/fenetre-bois-alu-pvc-alu\\\/#breadcrumb\",\"itemListElement\":[{\"@type\":\"ListItem\",\"position\":1,\"name\":\"Accueil\",\"item\":\"https:\\\/\\\/metalica.lu\\\/de\\\/\"},{\"@type\":\"ListItem\",\"position\":2,\"name\":\"Fen\u00eatre Bois-Alu et PVC-Alu : les combinaisons tendance\"}]},{\"@type\":\"WebSite\",\"@id\":\"https:\\\/\\\/metalica.lu\\\/de\\\/#website\",\"url\":\"https:\\\/\\\/metalica.lu\\\/de\\\/\",\"name\":\"Metalica\",\"description\":\"\",\"publisher\":{\"@id\":\"https:\\\/\\\/metalica.lu\\\/de\\\/#organization\"},\"potentialAction\":[{\"@type\":\"SearchAction\",\"target\":{\"@type\":\"EntryPoint\",\"urlTemplate\":\"https:\\\/\\\/metalica.lu\\\/de\\\/?s={search_term_string}\"},\"query-input\":{\"@type\":\"PropertyValueSpecification\",\"valueRequired\":true,\"valueName\":\"search_term_string\"}}],\"inLanguage\":\"de\"},{\"@type\":\"Organization\",\"@id\":\"https:\\\/\\\/metalica.lu\\\/de\\\/#organization\",\"name\":\"Metalica\",\"url\":\"https:\\\/\\\/metalica.lu\\\/de\\\/\",\"logo\":{\"@type\":\"ImageObject\",\"inLanguage\":\"de\",\"@id\":\"https:\\\/\\\/metalica.lu\\\/de\\\/#\\\/schema\\\/logo\\\/image\\\/\",\"url\":\"https:\\\/\\\/metalica.lu\\\/wp-content\\\/uploads\\\/2024\\\/05\\\/site-logo.png\",\"contentUrl\":\"https:\\\/\\\/metalica.lu\\\/wp-content\\\/uploads\\\/2024\\\/05\\\/site-logo.png\",\"width\":238,\"height\":62,\"caption\":\"Metalica\"},\"image\":{\"@id\":\"https:\\\/\\\/metalica.lu\\\/de\\\/#\\\/schema\\\/logo\\\/image\\\/\"},\"sameAs\":[\"https:\\\/\\\/www.facebook.com\\\/metalicahome\\\/\"]},{\"@type\":\"Person\",\"@id\":\"https:\\\/\\\/metalica.lu\\\/de\\\/#\\\/schema\\\/person\\\/3d133e88d4fb25ee9eb65989620999fb\",\"name\":\"cesar\",\"image\":{\"@type\":\"ImageObject\",\"inLanguage\":\"de\",\"@id\":\"https:\\\/\\\/metalica.lu\\\/wp-content\\\/litespeed\\\/avatar\\\/555f6236e9abb0f6afd90e335c883c9f.jpg?ver=1777083886\",\"url\":\"https:\\\/\\\/metalica.lu\\\/wp-content\\\/litespeed\\\/avatar\\\/555f6236e9abb0f6afd90e335c883c9f.jpg?ver=1777083886\",\"contentUrl\":\"https:\\\/\\\/metalica.lu\\\/wp-content\\\/litespeed\\\/avatar\\\/555f6236e9abb0f6afd90e335c883c9f.jpg?ver=1777083886\",\"caption\":\"cesar\"},\"url\":\"https:\\\/\\\/metalica.lu\\\/de\\\/author\\\/cesar\\\/\"}]}<\/script>\n<!-- \/ Yoast SEO Premium plugin. -->","yoast_head_json":{"title":"Fen\u00eatre Bois-Alu et PVC-Alu : les combinaisons tendance - Metalica","robots":{"index":"index","follow":"follow","max-snippet":"max-snippet:-1","max-image-preview":"max-image-preview:large","max-video-preview":"max-video-preview:-1"},"canonical":"https:\/\/metalica.lu\/de\/fenetre-bois-alu-pvc-alu\/","og_locale":"de_DE","og_type":"article","og_title":"Fen\u00eatre Bois-Alu et PVC-Alu : les combinaisons tendance","og_description":"Fen\u00eatre Bois-Alu ou PVC-Alu, d\u00e9couvrez les performances des mod\u00e8les tendance propos\u00e9s par votre expert Metalica.","og_url":"https:\/\/metalica.lu\/de\/fenetre-bois-alu-pvc-alu\/","og_site_name":"Metalica","article_publisher":"https:\/\/www.facebook.com\/metalicahome\/","article_published_time":"2020-10-12T07:10:38+00:00","article_modified_time":"2026-04-07T05:54:35+00:00","og_image":[{"width":602,"height":401,"url":"https:\/\/metalica.lu\/wp-content\/uploads\/2023\/09\/Fenetres.jpg","type":"image\/jpeg"}],"author":"cesar","twitter_card":"summary_large_image","twitter_misc":{"Verfasst von":"cesar","Gesch\u00e4tzte Lesezeit":"3\u00a0Minuten"},"schema":{"@context":"https:\/\/schema.org","@graph":[{"@type":"Article","@id":"https:\/\/metalica.lu\/de\/fenetre-bois-alu-pvc-alu\/#article","isPartOf":{"@id":"https:\/\/metalica.lu\/de\/fenetre-bois-alu-pvc-alu\/"},"author":{"name":"cesar","@id":"https:\/\/metalica.lu\/de\/#\/schema\/person\/3d133e88d4fb25ee9eb65989620999fb"},"headline":"Fen\u00eatre Bois-Alu et PVC-Alu : les combinaisons tendance","datePublished":"2020-10-12T07:10:38+00:00","dateModified":"2026-04-07T05:54:35+00:00","mainEntityOfPage":{"@id":"https:\/\/metalica.lu\/de\/fenetre-bois-alu-pvc-alu\/"},"wordCount":656,"publisher":{"@id":"https:\/\/metalica.lu\/de\/#organization"},"image":{"@id":"https:\/\/metalica.lu\/de\/fenetre-bois-alu-pvc-alu\/#primaryimage"},"thumbnailUrl":"https:\/\/metalica.lu\/wp-content\/uploads\/2023\/09\/Fenetres.jpg","articleSection":["blog"],"inLanguage":"de"},{"@type":"WebPage","@id":"https:\/\/metalica.lu\/de\/fenetre-bois-alu-pvc-alu\/","url":"https:\/\/metalica.lu\/de\/fenetre-bois-alu-pvc-alu\/","name":"Fen\u00eatre Bois-Alu et PVC-Alu : les combinaisons tendance - Metalica","isPartOf":{"@id":"https:\/\/metalica.lu\/de\/#website"},"primaryImageOfPage":{"@id":"https:\/\/metalica.lu\/de\/fenetre-bois-alu-pvc-alu\/#primaryimage"},"image":{"@id":"https:\/\/metalica.lu\/de\/fenetre-bois-alu-pvc-alu\/#primaryimage"},"thumbnailUrl":"https:\/\/metalica.lu\/wp-content\/uploads\/2023\/09\/Fenetres.jpg","datePublished":"2020-10-12T07:10:38+00:00","dateModified":"2026-04-07T05:54:35+00:00","breadcrumb":{"@id":"https:\/\/metalica.lu\/de\/fenetre-bois-alu-pvc-alu\/#breadcrumb"},"inLanguage":"de","potentialAction":[{"@type":"ReadAction","target":["https:\/\/metalica.lu\/de\/fenetre-bois-alu-pvc-alu\/"]}]},{"@type":"ImageObject","inLanguage":"de","@id":"https:\/\/metalica.lu\/de\/fenetre-bois-alu-pvc-alu\/#primaryimage","url":"https:\/\/metalica.lu\/wp-content\/uploads\/2023\/09\/Fenetres.jpg","contentUrl":"https:\/\/metalica.lu\/wp-content\/uploads\/2023\/09\/Fenetres.jpg","width":602,"height":401},{"@type":"BreadcrumbList","@id":"https:\/\/metalica.lu\/de\/fenetre-bois-alu-pvc-alu\/#breadcrumb","itemListElement":[{"@type":"ListItem","position":1,"name":"Accueil","item":"https:\/\/metalica.lu\/de\/"},{"@type":"ListItem","position":2,"name":"Fen\u00eatre Bois-Alu et PVC-Alu : les combinaisons tendance"}]},{"@type":"WebSite","@id":"https:\/\/metalica.lu\/de\/#website","url":"https:\/\/metalica.lu\/de\/","name":"Metalica","description":"","publisher":{"@id":"https:\/\/metalica.lu\/de\/#organization"},"potentialAction":[{"@type":"SearchAction","target":{"@type":"EntryPoint","urlTemplate":"https:\/\/metalica.lu\/de\/?s={search_term_string}"},"query-input":{"@type":"PropertyValueSpecification","valueRequired":true,"valueName":"search_term_string"}}],"inLanguage":"de"},{"@type":"Organization","@id":"https:\/\/metalica.lu\/de\/#organization","name":"Metalica","url":"https:\/\/metalica.lu\/de\/","logo":{"@type":"ImageObject","inLanguage":"de","@id":"https:\/\/metalica.lu\/de\/#\/schema\/logo\/image\/","url":"https:\/\/metalica.lu\/wp-content\/uploads\/2024\/05\/site-logo.png","contentUrl":"https:\/\/metalica.lu\/wp-content\/uploads\/2024\/05\/site-logo.png","width":238,"height":62,"caption":"Metalica"},"image":{"@id":"https:\/\/metalica.lu\/de\/#\/schema\/logo\/image\/"},"sameAs":["https:\/\/www.facebook.com\/metalicahome\/"]},{"@type":"Person","@id":"https:\/\/metalica.lu\/de\/#\/schema\/person\/3d133e88d4fb25ee9eb65989620999fb","name":"cesar","image":{"@type":"ImageObject","inLanguage":"de","@id":"https:\/\/metalica.lu\/wp-content\/litespeed\/avatar\/555f6236e9abb0f6afd90e335c883c9f.jpg?ver=1777083886","url":"https:\/\/metalica.lu\/wp-content\/litespeed\/avatar\/555f6236e9abb0f6afd90e335c883c9f.jpg?ver=1777083886","contentUrl":"https:\/\/metalica.lu\/wp-content\/litespeed\/avatar\/555f6236e9abb0f6afd90e335c883c9f.jpg?ver=1777083886","caption":"cesar"},"url":"https:\/\/metalica.lu\/de\/author\/cesar\/"}]}},"_links":{"self":[{"href":"https:\/\/metalica.lu\/de\/wp-json\/wp\/v2\/posts\/7110","targetHints":{"allow":["GET"]}}],"collection":[{"href":"https:\/\/metalica.lu\/de\/wp-json\/wp\/v2\/posts"}],"about":[{"href":"https:\/\/metalica.lu\/de\/wp-json\/wp\/v2\/types\/post"}],"author":[{"embeddable":true,"href":"https:\/\/metalica.lu\/de\/wp-json\/wp\/v2\/users\/14"}],"replies":[{"embeddable":true,"href":"https:\/\/metalica.lu\/de\/wp-json\/wp\/v2\/comments?post=7110"}],"version-history":[{"count":1,"href":"https:\/\/metalica.lu\/de\/wp-json\/wp\/v2\/posts\/7110\/revisions"}],"predecessor-version":[{"id":8962,"href":"https:\/\/metalica.lu\/de\/wp-json\/wp\/v2\/posts\/7110\/revisions\/8962"}],"wp:featuredmedia":[{"embeddable":true,"href":"https:\/\/metalica.lu\/de\/wp-json\/wp\/v2\/media\/2490"}],"wp:attachment":[{"href":"https:\/\/metalica.lu\/de\/wp-json\/wp\/v2\/media?parent=7110"}],"wp:term":[{"taxonomy":"category","embeddable":true,"href":"https:\/\/metalica.lu\/de\/wp-json\/wp\/v2\/categories?post=7110"},{"taxonomy":"post_tag","embeddable":true,"href":"https:\/\/metalica.lu\/de\/wp-json\/wp\/v2\/tags?post=7110"}],"curies":[{"name":"wp","href":"https:\/\/api.w.org\/{rel}","templated":true}]}}