{"id":7095,"date":"2021-05-24T07:00:59","date_gmt":"2021-05-24T05:00:59","guid":{"rendered":"https:\/\/metalica.lu\/blog\/quelles-aides-changement-fenetres\/"},"modified":"2026-04-07T07:54:13","modified_gmt":"2026-04-07T05:54:13","slug":"quelles-aides-changement-fenetres","status":"publish","type":"post","link":"https:\/\/metalica.lu\/de\/quelles-aides-changement-fenetres\/","title":{"rendered":"Quelles Aides pour un Changement de Fen\u00eatres ?"},"content":{"rendered":"<p>Vous \u00eates en pleine r\u00e9novation d\u2019un logement ? Sachez que changer les fen\u00eatres peut permettre d\u2019am\u00e9liorer grandement l\u2019<b>isolation thermique comme phonique<\/b>. Toutefois, l\u2019<b>investissement<\/b> peut vite \u00eatre \u00e9lev\u00e9\u2026 Aussi, vous vous demandez : existe-t-il, au Luxembourg, des <b>aides pour un changement de fen\u00eatres<\/b> ? Nous vous disons tout.<\/p>\n<h2 class=\"western\"><a name=\"Bookmark1\"><\/a> Aides financi\u00e8res pour la r\u00e9novation \u00e9nerg\u00e9tique au Luxembourg<\/h2>\n<p>Vous poss\u00e9dez un logement au Grand-Duch\u00e9 et vous souhaitez en am\u00e9liorer l\u2019isolation, notamment au niveau des fa\u00e7ades ?<\/p>\n<p>De nombreuses aides \u00e9tatiques et communales existent : <a href=\"https:\/\/www.myenergy.lu\/\"><span style=\"color: #1155cc;\"><u>myenergy<\/u><\/span><\/a>, structure nationale soutenue par l\u2019\u00c9tat, vous aide \u00e0 les identifier.<\/p>\n<p>En particulier, l\u2019application <a href=\"https:\/\/www.myenergy.lu\/fr\/particuliers\/logement-existant-renovation\/myrenovation\"><span style=\"color: #1155cc;\"><u>myrenovation <\/u><\/span><\/a>permet de <b>simuler le montant total du soutien financier que vous pourriez obtenir <\/b>pour votre projet de r\u00e9novation \u00e9nerg\u00e9tique. E<span style=\"font-size: small;\">lle reprend \u00e9galement l\u2019ensemble des d\u00e9marches n\u00e9cessaires pour pr\u00e9financer votre projet.<\/span><\/p>\n<h2 class=\"western\"><a name=\"Bookmark2\"><\/a>Aides pour un changement de fen\u00eatres : focus sur Enoprime<\/h2>\n<p>Vous engagez des travaux de r\u00e9novation dans votre maison ? Pensez Enoprime !<\/p>\n<p><b>Cette aide financi\u00e8re luxembourgeoise <\/b>incite les particuliers comme les professionnels \u00e0 r\u00e9aliser des <b>r\u00e9novations \u00e9nerg\u00e9tiques<\/b>. Les d\u00e9marches sont simples, le versement rapide (sous 4 semaines) et la subvention est<b> cumulable avec les autres aides d\u2019\u00c9tat<\/b>.<\/p>\n<p>En particulier, <b>l\u2019installation de nouvelles fen\u00eatres<\/b> est \u00e9ligible \u00e0 ce dispositif.<\/p>\n<h3 class=\"western\"><a name=\"Bookmark3\"><\/a>Pour les particuliers<\/h3>\n<p>Enoprime participe au financement des travaux suivants :<\/p>\n<ul>\n<li>isolation thermique du mur ext\u00e9rieur, de la toiture ou de la dalle inf\u00e9rieure ;<\/li>\n<li><b>remplacement des fen\u00eatres ;<\/b><\/li>\n<li>acquisition d\u2019une ventilation m\u00e9canique contr\u00f4l\u00e9e ;<\/li>\n<li>changement du syst\u00e8me de production de chaleur ;<\/li>\n<li>acquisition d\u2019une installation solaire thermique.<\/li>\n<\/ul>\n<h3 class=\"western\"><a name=\"Bookmark4\"><\/a> Pour les professionnels<\/h3>\n<p>Si vous \u00eates une entreprise situ\u00e9e au Luxembourg, vous pouvez toucher une prime dans les cas suivants :<\/p>\n<ul>\n<li>achat de machines ;<\/li>\n<li>am\u00e9lioration de proc\u00e9d\u00e9s industriels ;<\/li>\n<li>optimisation de r\u00e9glages ;<\/li>\n<li>mise en place de syst\u00e8mes de monitoring ;<\/li>\n<li><b>construction de b\u00e2timents neufs ;<\/b><\/li>\n<li><b>r\u00e9novation \u00e9nerg\u00e9tique ;<\/b><\/li>\n<li>etc.<\/li>\n<\/ul>\n<h2 class=\"western\"><a name=\"Bookmark5\"><\/a>Comment demander une aide Enoprime pour un changement de fen\u00eatres ?<\/h2>\n<p>Vous venez de prendre contact avec Metalica pour un changement de fen\u00eatres et vous vous demandez comment b\u00e9n\u00e9ficier de l\u2019aide Enoprime ?<\/p>\n<p><b>Metalica est partenaire d\u2019Enoprime<\/b> : notre \u00e9quipe se chargera donc de toutes les formalit\u00e9s pour vous !<\/p>\n<p>Pour savoir quel <b>soutien financier vous pourriez obtenir, <\/b>rendez-vous sur le <a href=\"https:\/\/my.enoprimes.lu\/simulator\/standard\/1\/professional?_locale=fr\"><span style=\"color: #1155cc;\"><u>simulateur d\u2019Enoprimes<\/u><\/span><\/a> : vous saurez ainsi si votre projet est \u00e9ligible \u00e0 ce dispositif d\u2019aides ou non.<\/p>\n<p>Sachez toutefois que, si les <b>\u00e9conomies d\u2019\u00e9nergie obtenues suite au remplacement de fen\u00eatres<\/b> sont insuffisantes, votre projet risque de ne pas \u00eatre aid\u00e9.<\/p>\n<p>\u00c0 l\u2019inverse, plus les \u00e9conomies d\u2019\u00e9nergie seront importantes, et plus la subvention obtenue sera \u00e9lev\u00e9e.<\/p>\n<h2 class=\"western\"><a name=\"Bookmark6\"><\/a>Estimer les \u00e9conomies d\u2019\u00e9nergie qui seront r\u00e9alis\u00e9es<\/h2>\n<p>Mais comment conna\u00eetre le niveau des \u00e9conomies r\u00e9alis\u00e9es avant m\u00eame d\u2019avoir proc\u00e9d\u00e9 au changement de fen\u00eatres ?<\/p>\n<p>N\u2019ayez crainte : <b>Metalica se charge de l\u2019estimation<\/b>.<\/p>\n<p>\u00c0 la fin des travaux, trois cas pourront \u00eatre rencontr\u00e9s :<\/p>\n<ul>\n<li>Les \u00e9conomies sont \u00e9gales \u00e0 celles estim\u00e9es =&gt; vous touchez la prime ;<\/li>\n<li>Elles sont sup\u00e9rieures \u00e0 celles estim\u00e9es =&gt; vous touchez \u00e9galement la subvention, dont le montant peut \u00eatre revu \u00e0 la hausse ;<\/li>\n<li>Les \u00e9conomies sont inf\u00e9rieures \u00e0 celles estim\u00e9es =&gt; le montant de la prime vers\u00e9e est revu en cons\u00e9quence.<\/li>\n<\/ul>\n<p>Vous l\u2019aurez compris, <b>Enoprime <\/b>est un dispositif d\u2019aide avantageux pour les particuliers et professionnels engageant un <b>changement de fen\u00eatres<\/b>.<\/p>\n<p>Le montant de l\u2019aide d\u00e9pend toutefois des \u00e9conomies d\u2019\u00e9nergie que vous aurez effectivement atteintes. Vous avez donc tout int\u00e9r\u00eat \u00e0 ce que <b>l\u2019estimation faite en amont soit la plus fiable possible<\/b>. Vous avez un doute ou ignorez comment vous y prendre ? Demandez conseil \u00e0 nos \u00e9quipes !<\/p>\n","protected":false},"excerpt":{"rendered":"<p>Vous \u00eates en pleine r\u00e9novation d\u2019un logement ? Sachez que changer les fen\u00eatres peut permettre d\u2019am\u00e9liorer grandement l\u2019isolation thermique comme phonique. Toutefois, l\u2019investissement peut vite \u00eatre \u00e9lev\u00e9\u2026 Aussi, vous vous demandez : existe-t-il, au Luxembourg, des aides pour un changement de fen\u00eatres ? Nous vous disons tout. Aides financi\u00e8res pour la r\u00e9novation \u00e9nerg\u00e9tique au Luxembourg [&hellip;]<\/p>\n","protected":false},"author":1,"featured_media":2557,"comment_status":"closed","ping_status":"closed","sticky":false,"template":"","format":"standard","meta":{"_acf_changed":false,"footnotes":""},"categories":[114],"tags":[],"class_list":["post-7095","post","type-post","status-publish","format-standard","has-post-thumbnail","hentry","category-blog-de"],"acf":[],"yoast_head":"<!-- This site is optimized with the Yoast SEO Premium plugin v27.2 (Yoast SEO v27.5) - https:\/\/yoast.com\/product\/yoast-seo-premium-wordpress\/ -->\n<title>Quelles Aides pour un Changement de Fen\u00eatres ? - Metalica<\/title>\n<meta name=\"robots\" content=\"index, follow, max-snippet:-1, max-image-preview:large, max-video-preview:-1\" \/>\n<link rel=\"canonical\" href=\"https:\/\/metalica.lu\/de\/quelles-aides-changement-fenetres\/\" \/>\n<meta property=\"og:locale\" content=\"de_DE\" \/>\n<meta property=\"og:type\" content=\"article\" \/>\n<meta property=\"og:title\" content=\"Quelles Aides pour un Changement de Fen\u00eatres ?\" \/>\n<meta property=\"og:description\" content=\"Vous \u00eates en pleine r\u00e9novation d\u2019un logement ? Sachez que changer les fen\u00eatres peut permettre d\u2019am\u00e9liorer grandement l\u2019isolation thermique comme phonique. Toutefois, l\u2019investissement peut vite \u00eatre \u00e9lev\u00e9\u2026 Aussi, vous vous demandez : existe-t-il, au Luxembourg, des aides pour un changement de fen\u00eatres ? Nous vous disons tout. Aides financi\u00e8res pour la r\u00e9novation \u00e9nerg\u00e9tique au Luxembourg [&hellip;]\" \/>\n<meta property=\"og:url\" content=\"https:\/\/metalica.lu\/de\/quelles-aides-changement-fenetres\/\" \/>\n<meta property=\"og:site_name\" content=\"Metalica\" \/>\n<meta property=\"article:publisher\" content=\"https:\/\/www.facebook.com\/metalicahome\/\" \/>\n<meta property=\"article:published_time\" content=\"2021-05-24T05:00:59+00:00\" \/>\n<meta property=\"article:modified_time\" content=\"2026-04-07T05:54:13+00:00\" \/>\n<meta property=\"og:image\" content=\"https:\/\/metalica.lu\/wp-content\/uploads\/2023\/09\/changement-fenetre.jpg\" \/>\n\t<meta property=\"og:image:width\" content=\"547\" \/>\n\t<meta property=\"og:image:height\" content=\"456\" \/>\n\t<meta property=\"og:image:type\" content=\"image\/jpeg\" \/>\n<meta name=\"author\" content=\"Anton Nik\" \/>\n<meta name=\"twitter:card\" content=\"summary_large_image\" \/>\n<meta name=\"twitter:label1\" content=\"Verfasst von\" \/>\n\t<meta name=\"twitter:data1\" content=\"Anton Nik\" \/>\n\t<meta name=\"twitter:label2\" content=\"Gesch\u00e4tzte Lesezeit\" \/>\n\t<meta name=\"twitter:data2\" content=\"3\u00a0Minuten\" \/>\n<script type=\"application\/ld+json\" class=\"yoast-schema-graph\">{\"@context\":\"https:\\\/\\\/schema.org\",\"@graph\":[{\"@type\":\"Article\",\"@id\":\"https:\\\/\\\/metalica.lu\\\/de\\\/quelles-aides-changement-fenetres\\\/#article\",\"isPartOf\":{\"@id\":\"https:\\\/\\\/metalica.lu\\\/de\\\/quelles-aides-changement-fenetres\\\/\"},\"author\":{\"name\":\"Anton Nik\",\"@id\":\"https:\\\/\\\/metalica.lu\\\/de\\\/#\\\/schema\\\/person\\\/98a2df906fbee4dd037dc744a40b0681\"},\"headline\":\"Quelles Aides pour un Changement de Fen\u00eatres ?\",\"datePublished\":\"2021-05-24T05:00:59+00:00\",\"dateModified\":\"2026-04-07T05:54:13+00:00\",\"mainEntityOfPage\":{\"@id\":\"https:\\\/\\\/metalica.lu\\\/de\\\/quelles-aides-changement-fenetres\\\/\"},\"wordCount\":630,\"publisher\":{\"@id\":\"https:\\\/\\\/metalica.lu\\\/de\\\/#organization\"},\"image\":{\"@id\":\"https:\\\/\\\/metalica.lu\\\/de\\\/quelles-aides-changement-fenetres\\\/#primaryimage\"},\"thumbnailUrl\":\"https:\\\/\\\/metalica.lu\\\/wp-content\\\/uploads\\\/2023\\\/09\\\/changement-fenetre.jpg\",\"articleSection\":[\"blog\"],\"inLanguage\":\"de\"},{\"@type\":\"WebPage\",\"@id\":\"https:\\\/\\\/metalica.lu\\\/de\\\/quelles-aides-changement-fenetres\\\/\",\"url\":\"https:\\\/\\\/metalica.lu\\\/de\\\/quelles-aides-changement-fenetres\\\/\",\"name\":\"Quelles Aides pour un Changement de Fen\u00eatres ? - Metalica\",\"isPartOf\":{\"@id\":\"https:\\\/\\\/metalica.lu\\\/de\\\/#website\"},\"primaryImageOfPage\":{\"@id\":\"https:\\\/\\\/metalica.lu\\\/de\\\/quelles-aides-changement-fenetres\\\/#primaryimage\"},\"image\":{\"@id\":\"https:\\\/\\\/metalica.lu\\\/de\\\/quelles-aides-changement-fenetres\\\/#primaryimage\"},\"thumbnailUrl\":\"https:\\\/\\\/metalica.lu\\\/wp-content\\\/uploads\\\/2023\\\/09\\\/changement-fenetre.jpg\",\"datePublished\":\"2021-05-24T05:00:59+00:00\",\"dateModified\":\"2026-04-07T05:54:13+00:00\",\"breadcrumb\":{\"@id\":\"https:\\\/\\\/metalica.lu\\\/de\\\/quelles-aides-changement-fenetres\\\/#breadcrumb\"},\"inLanguage\":\"de\",\"potentialAction\":[{\"@type\":\"ReadAction\",\"target\":[\"https:\\\/\\\/metalica.lu\\\/de\\\/quelles-aides-changement-fenetres\\\/\"]}]},{\"@type\":\"ImageObject\",\"inLanguage\":\"de\",\"@id\":\"https:\\\/\\\/metalica.lu\\\/de\\\/quelles-aides-changement-fenetres\\\/#primaryimage\",\"url\":\"https:\\\/\\\/metalica.lu\\\/wp-content\\\/uploads\\\/2023\\\/09\\\/changement-fenetre.jpg\",\"contentUrl\":\"https:\\\/\\\/metalica.lu\\\/wp-content\\\/uploads\\\/2023\\\/09\\\/changement-fenetre.jpg\",\"width\":547,\"height\":456},{\"@type\":\"BreadcrumbList\",\"@id\":\"https:\\\/\\\/metalica.lu\\\/de\\\/quelles-aides-changement-fenetres\\\/#breadcrumb\",\"itemListElement\":[{\"@type\":\"ListItem\",\"position\":1,\"name\":\"Accueil\",\"item\":\"https:\\\/\\\/metalica.lu\\\/de\\\/\"},{\"@type\":\"ListItem\",\"position\":2,\"name\":\"Quelles Aides pour un Changement de Fen\u00eatres ?\"}]},{\"@type\":\"WebSite\",\"@id\":\"https:\\\/\\\/metalica.lu\\\/de\\\/#website\",\"url\":\"https:\\\/\\\/metalica.lu\\\/de\\\/\",\"name\":\"Metalica\",\"description\":\"\",\"publisher\":{\"@id\":\"https:\\\/\\\/metalica.lu\\\/de\\\/#organization\"},\"potentialAction\":[{\"@type\":\"SearchAction\",\"target\":{\"@type\":\"EntryPoint\",\"urlTemplate\":\"https:\\\/\\\/metalica.lu\\\/de\\\/?s={search_term_string}\"},\"query-input\":{\"@type\":\"PropertyValueSpecification\",\"valueRequired\":true,\"valueName\":\"search_term_string\"}}],\"inLanguage\":\"de\"},{\"@type\":\"Organization\",\"@id\":\"https:\\\/\\\/metalica.lu\\\/de\\\/#organization\",\"name\":\"Metalica\",\"url\":\"https:\\\/\\\/metalica.lu\\\/de\\\/\",\"logo\":{\"@type\":\"ImageObject\",\"inLanguage\":\"de\",\"@id\":\"https:\\\/\\\/metalica.lu\\\/de\\\/#\\\/schema\\\/logo\\\/image\\\/\",\"url\":\"https:\\\/\\\/metalica.lu\\\/wp-content\\\/uploads\\\/2024\\\/05\\\/site-logo.png\",\"contentUrl\":\"https:\\\/\\\/metalica.lu\\\/wp-content\\\/uploads\\\/2024\\\/05\\\/site-logo.png\",\"width\":238,\"height\":62,\"caption\":\"Metalica\"},\"image\":{\"@id\":\"https:\\\/\\\/metalica.lu\\\/de\\\/#\\\/schema\\\/logo\\\/image\\\/\"},\"sameAs\":[\"https:\\\/\\\/www.facebook.com\\\/metalicahome\\\/\"]},{\"@type\":\"Person\",\"@id\":\"https:\\\/\\\/metalica.lu\\\/de\\\/#\\\/schema\\\/person\\\/98a2df906fbee4dd037dc744a40b0681\",\"name\":\"Anton Nik\",\"image\":{\"@type\":\"ImageObject\",\"inLanguage\":\"de\",\"@id\":\"https:\\\/\\\/metalica.lu\\\/wp-content\\\/litespeed\\\/avatar\\\/4f6f8c8f622e84309672684d781329d5.jpg?ver=1777307118\",\"url\":\"https:\\\/\\\/metalica.lu\\\/wp-content\\\/litespeed\\\/avatar\\\/4f6f8c8f622e84309672684d781329d5.jpg?ver=1777307118\",\"contentUrl\":\"https:\\\/\\\/metalica.lu\\\/wp-content\\\/litespeed\\\/avatar\\\/4f6f8c8f622e84309672684d781329d5.jpg?ver=1777307118\",\"caption\":\"Anton Nik\"},\"sameAs\":[\"https:\\\/\\\/metalica.lu\"],\"url\":\"https:\\\/\\\/metalica.lu\\\/de\\\/author\\\/anton\\\/\"}]}<\/script>\n<!-- \/ Yoast SEO Premium plugin. -->","yoast_head_json":{"title":"Quelles Aides pour un Changement de Fen\u00eatres ? - Metalica","robots":{"index":"index","follow":"follow","max-snippet":"max-snippet:-1","max-image-preview":"max-image-preview:large","max-video-preview":"max-video-preview:-1"},"canonical":"https:\/\/metalica.lu\/de\/quelles-aides-changement-fenetres\/","og_locale":"de_DE","og_type":"article","og_title":"Quelles Aides pour un Changement de Fen\u00eatres ?","og_description":"Vous \u00eates en pleine r\u00e9novation d\u2019un logement ? Sachez que changer les fen\u00eatres peut permettre d\u2019am\u00e9liorer grandement l\u2019isolation thermique comme phonique. Toutefois, l\u2019investissement peut vite \u00eatre \u00e9lev\u00e9\u2026 Aussi, vous vous demandez : existe-t-il, au Luxembourg, des aides pour un changement de fen\u00eatres ? Nous vous disons tout. Aides financi\u00e8res pour la r\u00e9novation \u00e9nerg\u00e9tique au Luxembourg [&hellip;]","og_url":"https:\/\/metalica.lu\/de\/quelles-aides-changement-fenetres\/","og_site_name":"Metalica","article_publisher":"https:\/\/www.facebook.com\/metalicahome\/","article_published_time":"2021-05-24T05:00:59+00:00","article_modified_time":"2026-04-07T05:54:13+00:00","og_image":[{"width":547,"height":456,"url":"https:\/\/metalica.lu\/wp-content\/uploads\/2023\/09\/changement-fenetre.jpg","type":"image\/jpeg"}],"author":"Anton Nik","twitter_card":"summary_large_image","twitter_misc":{"Verfasst von":"Anton Nik","Gesch\u00e4tzte Lesezeit":"3\u00a0Minuten"},"schema":{"@context":"https:\/\/schema.org","@graph":[{"@type":"Article","@id":"https:\/\/metalica.lu\/de\/quelles-aides-changement-fenetres\/#article","isPartOf":{"@id":"https:\/\/metalica.lu\/de\/quelles-aides-changement-fenetres\/"},"author":{"name":"Anton Nik","@id":"https:\/\/metalica.lu\/de\/#\/schema\/person\/98a2df906fbee4dd037dc744a40b0681"},"headline":"Quelles Aides pour un Changement de Fen\u00eatres ?","datePublished":"2021-05-24T05:00:59+00:00","dateModified":"2026-04-07T05:54:13+00:00","mainEntityOfPage":{"@id":"https:\/\/metalica.lu\/de\/quelles-aides-changement-fenetres\/"},"wordCount":630,"publisher":{"@id":"https:\/\/metalica.lu\/de\/#organization"},"image":{"@id":"https:\/\/metalica.lu\/de\/quelles-aides-changement-fenetres\/#primaryimage"},"thumbnailUrl":"https:\/\/metalica.lu\/wp-content\/uploads\/2023\/09\/changement-fenetre.jpg","articleSection":["blog"],"inLanguage":"de"},{"@type":"WebPage","@id":"https:\/\/metalica.lu\/de\/quelles-aides-changement-fenetres\/","url":"https:\/\/metalica.lu\/de\/quelles-aides-changement-fenetres\/","name":"Quelles Aides pour un Changement de Fen\u00eatres ? - Metalica","isPartOf":{"@id":"https:\/\/metalica.lu\/de\/#website"},"primaryImageOfPage":{"@id":"https:\/\/metalica.lu\/de\/quelles-aides-changement-fenetres\/#primaryimage"},"image":{"@id":"https:\/\/metalica.lu\/de\/quelles-aides-changement-fenetres\/#primaryimage"},"thumbnailUrl":"https:\/\/metalica.lu\/wp-content\/uploads\/2023\/09\/changement-fenetre.jpg","datePublished":"2021-05-24T05:00:59+00:00","dateModified":"2026-04-07T05:54:13+00:00","breadcrumb":{"@id":"https:\/\/metalica.lu\/de\/quelles-aides-changement-fenetres\/#breadcrumb"},"inLanguage":"de","potentialAction":[{"@type":"ReadAction","target":["https:\/\/metalica.lu\/de\/quelles-aides-changement-fenetres\/"]}]},{"@type":"ImageObject","inLanguage":"de","@id":"https:\/\/metalica.lu\/de\/quelles-aides-changement-fenetres\/#primaryimage","url":"https:\/\/metalica.lu\/wp-content\/uploads\/2023\/09\/changement-fenetre.jpg","contentUrl":"https:\/\/metalica.lu\/wp-content\/uploads\/2023\/09\/changement-fenetre.jpg","width":547,"height":456},{"@type":"BreadcrumbList","@id":"https:\/\/metalica.lu\/de\/quelles-aides-changement-fenetres\/#breadcrumb","itemListElement":[{"@type":"ListItem","position":1,"name":"Accueil","item":"https:\/\/metalica.lu\/de\/"},{"@type":"ListItem","position":2,"name":"Quelles Aides pour un Changement de Fen\u00eatres ?"}]},{"@type":"WebSite","@id":"https:\/\/metalica.lu\/de\/#website","url":"https:\/\/metalica.lu\/de\/","name":"Metalica","description":"","publisher":{"@id":"https:\/\/metalica.lu\/de\/#organization"},"potentialAction":[{"@type":"SearchAction","target":{"@type":"EntryPoint","urlTemplate":"https:\/\/metalica.lu\/de\/?s={search_term_string}"},"query-input":{"@type":"PropertyValueSpecification","valueRequired":true,"valueName":"search_term_string"}}],"inLanguage":"de"},{"@type":"Organization","@id":"https:\/\/metalica.lu\/de\/#organization","name":"Metalica","url":"https:\/\/metalica.lu\/de\/","logo":{"@type":"ImageObject","inLanguage":"de","@id":"https:\/\/metalica.lu\/de\/#\/schema\/logo\/image\/","url":"https:\/\/metalica.lu\/wp-content\/uploads\/2024\/05\/site-logo.png","contentUrl":"https:\/\/metalica.lu\/wp-content\/uploads\/2024\/05\/site-logo.png","width":238,"height":62,"caption":"Metalica"},"image":{"@id":"https:\/\/metalica.lu\/de\/#\/schema\/logo\/image\/"},"sameAs":["https:\/\/www.facebook.com\/metalicahome\/"]},{"@type":"Person","@id":"https:\/\/metalica.lu\/de\/#\/schema\/person\/98a2df906fbee4dd037dc744a40b0681","name":"Anton Nik","image":{"@type":"ImageObject","inLanguage":"de","@id":"https:\/\/metalica.lu\/wp-content\/litespeed\/avatar\/4f6f8c8f622e84309672684d781329d5.jpg?ver=1777307118","url":"https:\/\/metalica.lu\/wp-content\/litespeed\/avatar\/4f6f8c8f622e84309672684d781329d5.jpg?ver=1777307118","contentUrl":"https:\/\/metalica.lu\/wp-content\/litespeed\/avatar\/4f6f8c8f622e84309672684d781329d5.jpg?ver=1777307118","caption":"Anton Nik"},"sameAs":["https:\/\/metalica.lu"],"url":"https:\/\/metalica.lu\/de\/author\/anton\/"}]}},"_links":{"self":[{"href":"https:\/\/metalica.lu\/de\/wp-json\/wp\/v2\/posts\/7095","targetHints":{"allow":["GET"]}}],"collection":[{"href":"https:\/\/metalica.lu\/de\/wp-json\/wp\/v2\/posts"}],"about":[{"href":"https:\/\/metalica.lu\/de\/wp-json\/wp\/v2\/types\/post"}],"author":[{"embeddable":true,"href":"https:\/\/metalica.lu\/de\/wp-json\/wp\/v2\/users\/1"}],"replies":[{"embeddable":true,"href":"https:\/\/metalica.lu\/de\/wp-json\/wp\/v2\/comments?post=7095"}],"version-history":[{"count":1,"href":"https:\/\/metalica.lu\/de\/wp-json\/wp\/v2\/posts\/7095\/revisions"}],"predecessor-version":[{"id":8934,"href":"https:\/\/metalica.lu\/de\/wp-json\/wp\/v2\/posts\/7095\/revisions\/8934"}],"wp:featuredmedia":[{"embeddable":true,"href":"https:\/\/metalica.lu\/de\/wp-json\/wp\/v2\/media\/2557"}],"wp:attachment":[{"href":"https:\/\/metalica.lu\/de\/wp-json\/wp\/v2\/media?parent=7095"}],"wp:term":[{"taxonomy":"category","embeddable":true,"href":"https:\/\/metalica.lu\/de\/wp-json\/wp\/v2\/categories?post=7095"},{"taxonomy":"post_tag","embeddable":true,"href":"https:\/\/metalica.lu\/de\/wp-json\/wp\/v2\/tags?post=7095"}],"curies":[{"name":"wp","href":"https:\/\/api.w.org\/{rel}","templated":true}]}}