{"id":7094,"date":"2021-05-31T07:00:09","date_gmt":"2021-05-31T05:00:09","guid":{"rendered":"https:\/\/metalica.lu\/blog\/acquisition-centre-usinage-emmegi-quadra-l2\/"},"modified":"2026-04-07T07:54:12","modified_gmt":"2026-04-07T05:54:12","slug":"acquisition-centre-usinage-emmegi-quadra-l2","status":"publish","type":"post","link":"https:\/\/metalica.lu\/de\/acquisition-centre-usinage-emmegi-quadra-l2\/","title":{"rendered":"Acquisition du Centre d&#8217;Usinage Emmegi Quadra l2"},"content":{"rendered":"<p>Pour maintenir notre niveau de qualit\u00e9 garanti par les certifications ISO 9001 \u2013 2015 et EN 1090, nous avons \u00e0 c\u0153ur, chez Metalica, de toujours rester \u00e0 la pointe de l&#8217;innovation. C&#8217;est pourquoi nous avons r\u00e9alis\u00e9 <strong>l&#8217;acquisition du centre d&#8217;usinage Emmegi Quadra l2<\/strong>. Plus performante et plus rapide, cette machine nous permet d&#8217;\u00e9lever la qualit\u00e9 de nos <strong>menuiseries en aluminium<\/strong> pour vous garantir des <strong>portes et fen\u00eatres<\/strong> \u00e0 la hauteur de vos attentes.<\/p>\n<h2 class=\"western\">Avantages de l&#8217;aluminium pour vos portes, fen\u00eatres et baies coulissantes<\/h2>\n<p>Vous r\u00eavez de menuiseries int\u00e9rieures ou ext\u00e9rieures qui rehaussent le niveau d&#8217;esth\u00e9tisme de votre bien\u00a0?<\/p>\n<p>En plus d&#8217;offrir une grande stabilit\u00e9, l&#8217;aluminium est r\u00e9sistant, facile \u00e0 entretenir et recyclable \u00e0 90\u00a0% sans perte de qualit\u00e9.<\/p>\n<p>Il offre un design adapt\u00e9 \u00e0 toutes les architectures contemporaines, gr\u00e2ce \u00e0\u00a0:<\/p>\n<ul>\n<li>des <strong>profil\u00e9s \u00e9troits,<\/strong> m\u00eame sur des grandes port\u00e9es\u00a0;<\/li>\n<li>un <strong>grand choix de couleurs<\/strong> (<a href=\"https:\/\/metalica.lu\/portes\/portes-aluminium\/\">plus de 400 teintes chez Metalica<\/a>), <strong>de formes et de dimensions.<\/strong><\/li>\n<\/ul>\n<p>Mais ce n&#8217;est pas tout\u00a0! Les fen\u00eatres et portes en aluminium garantissent l&#8217;\u00e9tanch\u00e9it\u00e9 \u00e0 l&#8217;air, \u00e0 l&#8217;eau et au vent, ainsi que l&#8217;isolation thermique, pour vous offrir un <strong>confort optimal.<\/strong><\/p>\n<p>Toutes ces raisons font que <strong>l&#8217;aluminium est un mat\u00e9riau de plus en plus pris\u00e9 dans le domaine de la construction.<\/strong><\/p>\n<h2 class=\"western\">Metalica mise sur une am\u00e9lioration continue de ses menuiseries en aluminium<\/h2>\n<p>C&#8217;est pour parvenir \u00e0 conjuguer esth\u00e9tisme, s\u00e9curit\u00e9 et confort que nous am\u00e9liorons sans cesse nos proc\u00e9d\u00e9s de fabrication.<\/p>\n<p>Ainsi, nous produisons nous-m\u00eames nos <strong>menuiseries m\u00e9talliques<\/strong> dans nos ateliers d&#8217;Esch-sur-Alzette. Et ce, depuis 1956\u00a0: notre exp\u00e9rience et notre expertise nous permettent de trouver les machines les plus performantes pour r\u00e9aliser les plus belles menuiseries en aluminium.<\/p>\n<p>Cette fois ne fait pas exception, puisque <strong>la soci\u00e9t\u00e9 s&#8217;est dot\u00e9e d&#8217;un nouveau centre d&#8217;usinage,<\/strong> Emmegi Quadra l2, aux performances plus \u00e9lev\u00e9es que celui que nous utilisions jusque-l\u00e0.<\/p>\n<h2 class=\"western\">Pourquoi avoir fait l&#8217;acquisition du centre d&#8217;usinage Emmegi Quadra l2\u00a0?<\/h2>\n<p>Avec ses 18 axes, cette machine est destin\u00e9e au fraisage, au per\u00e7age et \u00e0 la coupe de profil\u00e9s en aluminium.<\/p>\n<p>Ce centre d&#8217;usinage offre de nombreuses fonctionnalit\u00e9s, qui se r\u00e9v\u00e9leront utiles pour vous offrir des menuiseries encore plus esth\u00e9tiques et robustes\u00a0:<\/p>\n<ul>\n<li>unit\u00e9 de fraisage 4 axes, \u00e9quip\u00e9e d&#8217;\u00e9lectrobroches \u00e0 haute fr\u00e9quence. Ce module permet d&#8217;usiner le contour de la pi\u00e8ce quelle que soit son orientation\u00a0;<\/li>\n<li>module de coupe verticale 3 axes, avec une lame 600 mm descendante \u00e0 contr\u00f4le num\u00e9rique (avec des angles de coupe allant de -48\u00b0 \u00e0 +245\u00b0)\u00a0;<\/li>\n<li>module de coupe horizontale \u00e0 contr\u00f4le num\u00e9rique (les angles de coupe allant de -45\u00b0 \u00e0 +45\u00b0), avec une lame 350 mm. Des profil\u00e9s de grandes dimensions peuvent \u00eatre d\u00e9coup\u00e9s\u00a0;<\/li>\n<li>module de fraisage 2 axes en bout, avec des fraises \u00e0 vitesse de rotation variable (jusqu&#8217;\u00e0 8 000 tr\/min).<\/li>\n<\/ul>\n<p>Gr\u00e2ce \u00e0 sa rigidit\u00e9, l\u2019aluminium permet de r\u00e9aliser des <b>ch\u00e2ssis plus fins et des ouvrants plus discrets. <\/b>En plus d&#8217;am\u00e9liorer l&#8217;esth\u00e9tisme de votre bien, ces caract\u00e9ristiques vous garantissent un <b>apport de lumi\u00e8re plus grand <\/b>\u00e0 l&#8217;int\u00e9rieur des pi\u00e8ces. Avec l<b>&#8216;acquisition du centre d&#8217;usinage Emmegi Quadra l2<\/b>, nous sommes en mesure d&#8217;<b>optimiser les coupes et les dimensions <\/b>de nos menuiseries. Vous souhaitez en savoir plus sur nos produits\u00a0? N&#8217;h\u00e9sitez pas \u00e0 <a href=\"https:\/\/metalica.lu\/de\/kontakt\/\" target=\"_blank\" rel=\"noopener\">prendre contact avec l&#8217;un de nos conseillers\u00a0!<\/a><\/p>\n","protected":false},"excerpt":{"rendered":"<p>Pour maintenir notre niveau de qualit\u00e9 garanti par les certifications ISO 9001 \u2013 2015 et EN 1090, nous avons \u00e0 c\u0153ur, chez Metalica, de toujours rester \u00e0 la pointe de l&#8217;innovation. C&#8217;est pourquoi nous avons r\u00e9alis\u00e9 l&#8217;acquisition du centre d&#8217;usinage Emmegi Quadra l2. Plus performante et plus rapide, cette machine nous permet d&#8217;\u00e9lever la qualit\u00e9 [&hellip;]<\/p>\n","protected":false},"author":1,"featured_media":2553,"comment_status":"closed","ping_status":"closed","sticky":false,"template":"","format":"standard","meta":{"_acf_changed":false,"footnotes":""},"categories":[114],"tags":[],"class_list":["post-7094","post","type-post","status-publish","format-standard","has-post-thumbnail","hentry","category-blog-de"],"acf":[],"yoast_head":"<!-- This site is optimized with the Yoast SEO Premium plugin v27.2 (Yoast SEO v27.5) - https:\/\/yoast.com\/product\/yoast-seo-premium-wordpress\/ -->\n<title>Acquisition du Centre d&#039;Usinage Emmegi Quadra l2 - Metalica<\/title>\n<meta name=\"robots\" content=\"index, follow, max-snippet:-1, max-image-preview:large, max-video-preview:-1\" \/>\n<link rel=\"canonical\" href=\"https:\/\/metalica.lu\/de\/acquisition-centre-usinage-emmegi-quadra-l2\/\" \/>\n<meta property=\"og:locale\" content=\"de_DE\" \/>\n<meta property=\"og:type\" content=\"article\" \/>\n<meta property=\"og:title\" content=\"Acquisition du Centre d&#039;Usinage Emmegi Quadra l2\" \/>\n<meta property=\"og:description\" content=\"Pour maintenir notre niveau de qualit\u00e9 garanti par les certifications ISO 9001 \u2013 2015 et EN 1090, nous avons \u00e0 c\u0153ur, chez Metalica, de toujours rester \u00e0 la pointe de l&#8217;innovation. C&#8217;est pourquoi nous avons r\u00e9alis\u00e9 l&#8217;acquisition du centre d&#8217;usinage Emmegi Quadra l2. Plus performante et plus rapide, cette machine nous permet d&#8217;\u00e9lever la qualit\u00e9 [&hellip;]\" \/>\n<meta property=\"og:url\" content=\"https:\/\/metalica.lu\/de\/acquisition-centre-usinage-emmegi-quadra-l2\/\" \/>\n<meta property=\"og:site_name\" content=\"Metalica\" \/>\n<meta property=\"article:publisher\" content=\"https:\/\/www.facebook.com\/metalicahome\/\" \/>\n<meta property=\"article:published_time\" content=\"2021-05-31T05:00:09+00:00\" \/>\n<meta property=\"article:modified_time\" content=\"2026-04-07T05:54:12+00:00\" \/>\n<meta property=\"og:image\" content=\"https:\/\/metalica.lu\/wp-content\/uploads\/2023\/09\/entretenir-les-joints-des-portes-et-fenetres-metalica-services.jpg\" \/>\n\t<meta property=\"og:image:width\" content=\"750\" \/>\n\t<meta property=\"og:image:height\" content=\"750\" \/>\n\t<meta property=\"og:image:type\" content=\"image\/jpeg\" \/>\n<meta name=\"author\" content=\"Anton Nik\" \/>\n<meta name=\"twitter:card\" content=\"summary_large_image\" \/>\n<meta name=\"twitter:label1\" content=\"Verfasst von\" \/>\n\t<meta name=\"twitter:data1\" content=\"Anton Nik\" \/>\n\t<meta name=\"twitter:label2\" content=\"Gesch\u00e4tzte Lesezeit\" \/>\n\t<meta name=\"twitter:data2\" content=\"3\u00a0Minuten\" \/>\n<script type=\"application\/ld+json\" class=\"yoast-schema-graph\">{\"@context\":\"https:\\\/\\\/schema.org\",\"@graph\":[{\"@type\":\"Article\",\"@id\":\"https:\\\/\\\/metalica.lu\\\/de\\\/acquisition-centre-usinage-emmegi-quadra-l2\\\/#article\",\"isPartOf\":{\"@id\":\"https:\\\/\\\/metalica.lu\\\/de\\\/acquisition-centre-usinage-emmegi-quadra-l2\\\/\"},\"author\":{\"name\":\"Anton Nik\",\"@id\":\"https:\\\/\\\/metalica.lu\\\/de\\\/#\\\/schema\\\/person\\\/98a2df906fbee4dd037dc744a40b0681\"},\"headline\":\"Acquisition du Centre d&#8217;Usinage Emmegi Quadra l2\",\"datePublished\":\"2021-05-31T05:00:09+00:00\",\"dateModified\":\"2026-04-07T05:54:12+00:00\",\"mainEntityOfPage\":{\"@id\":\"https:\\\/\\\/metalica.lu\\\/de\\\/acquisition-centre-usinage-emmegi-quadra-l2\\\/\"},\"wordCount\":585,\"publisher\":{\"@id\":\"https:\\\/\\\/metalica.lu\\\/de\\\/#organization\"},\"image\":{\"@id\":\"https:\\\/\\\/metalica.lu\\\/de\\\/acquisition-centre-usinage-emmegi-quadra-l2\\\/#primaryimage\"},\"thumbnailUrl\":\"https:\\\/\\\/metalica.lu\\\/wp-content\\\/uploads\\\/2023\\\/09\\\/entretenir-les-joints-des-portes-et-fenetres-metalica-services.jpg\",\"articleSection\":[\"blog\"],\"inLanguage\":\"de\"},{\"@type\":\"WebPage\",\"@id\":\"https:\\\/\\\/metalica.lu\\\/de\\\/acquisition-centre-usinage-emmegi-quadra-l2\\\/\",\"url\":\"https:\\\/\\\/metalica.lu\\\/de\\\/acquisition-centre-usinage-emmegi-quadra-l2\\\/\",\"name\":\"Acquisition du Centre d'Usinage Emmegi Quadra l2 - Metalica\",\"isPartOf\":{\"@id\":\"https:\\\/\\\/metalica.lu\\\/de\\\/#website\"},\"primaryImageOfPage\":{\"@id\":\"https:\\\/\\\/metalica.lu\\\/de\\\/acquisition-centre-usinage-emmegi-quadra-l2\\\/#primaryimage\"},\"image\":{\"@id\":\"https:\\\/\\\/metalica.lu\\\/de\\\/acquisition-centre-usinage-emmegi-quadra-l2\\\/#primaryimage\"},\"thumbnailUrl\":\"https:\\\/\\\/metalica.lu\\\/wp-content\\\/uploads\\\/2023\\\/09\\\/entretenir-les-joints-des-portes-et-fenetres-metalica-services.jpg\",\"datePublished\":\"2021-05-31T05:00:09+00:00\",\"dateModified\":\"2026-04-07T05:54:12+00:00\",\"breadcrumb\":{\"@id\":\"https:\\\/\\\/metalica.lu\\\/de\\\/acquisition-centre-usinage-emmegi-quadra-l2\\\/#breadcrumb\"},\"inLanguage\":\"de\",\"potentialAction\":[{\"@type\":\"ReadAction\",\"target\":[\"https:\\\/\\\/metalica.lu\\\/de\\\/acquisition-centre-usinage-emmegi-quadra-l2\\\/\"]}]},{\"@type\":\"ImageObject\",\"inLanguage\":\"de\",\"@id\":\"https:\\\/\\\/metalica.lu\\\/de\\\/acquisition-centre-usinage-emmegi-quadra-l2\\\/#primaryimage\",\"url\":\"https:\\\/\\\/metalica.lu\\\/wp-content\\\/uploads\\\/2023\\\/09\\\/entretenir-les-joints-des-portes-et-fenetres-metalica-services.jpg\",\"contentUrl\":\"https:\\\/\\\/metalica.lu\\\/wp-content\\\/uploads\\\/2023\\\/09\\\/entretenir-les-joints-des-portes-et-fenetres-metalica-services.jpg\",\"width\":750,\"height\":750},{\"@type\":\"BreadcrumbList\",\"@id\":\"https:\\\/\\\/metalica.lu\\\/de\\\/acquisition-centre-usinage-emmegi-quadra-l2\\\/#breadcrumb\",\"itemListElement\":[{\"@type\":\"ListItem\",\"position\":1,\"name\":\"Accueil\",\"item\":\"https:\\\/\\\/metalica.lu\\\/de\\\/\"},{\"@type\":\"ListItem\",\"position\":2,\"name\":\"Acquisition du Centre d&#8217;Usinage Emmegi Quadra l2\"}]},{\"@type\":\"WebSite\",\"@id\":\"https:\\\/\\\/metalica.lu\\\/de\\\/#website\",\"url\":\"https:\\\/\\\/metalica.lu\\\/de\\\/\",\"name\":\"Metalica\",\"description\":\"\",\"publisher\":{\"@id\":\"https:\\\/\\\/metalica.lu\\\/de\\\/#organization\"},\"potentialAction\":[{\"@type\":\"SearchAction\",\"target\":{\"@type\":\"EntryPoint\",\"urlTemplate\":\"https:\\\/\\\/metalica.lu\\\/de\\\/?s={search_term_string}\"},\"query-input\":{\"@type\":\"PropertyValueSpecification\",\"valueRequired\":true,\"valueName\":\"search_term_string\"}}],\"inLanguage\":\"de\"},{\"@type\":\"Organization\",\"@id\":\"https:\\\/\\\/metalica.lu\\\/de\\\/#organization\",\"name\":\"Metalica\",\"url\":\"https:\\\/\\\/metalica.lu\\\/de\\\/\",\"logo\":{\"@type\":\"ImageObject\",\"inLanguage\":\"de\",\"@id\":\"https:\\\/\\\/metalica.lu\\\/de\\\/#\\\/schema\\\/logo\\\/image\\\/\",\"url\":\"https:\\\/\\\/metalica.lu\\\/wp-content\\\/uploads\\\/2024\\\/05\\\/site-logo.png\",\"contentUrl\":\"https:\\\/\\\/metalica.lu\\\/wp-content\\\/uploads\\\/2024\\\/05\\\/site-logo.png\",\"width\":238,\"height\":62,\"caption\":\"Metalica\"},\"image\":{\"@id\":\"https:\\\/\\\/metalica.lu\\\/de\\\/#\\\/schema\\\/logo\\\/image\\\/\"},\"sameAs\":[\"https:\\\/\\\/www.facebook.com\\\/metalicahome\\\/\"]},{\"@type\":\"Person\",\"@id\":\"https:\\\/\\\/metalica.lu\\\/de\\\/#\\\/schema\\\/person\\\/98a2df906fbee4dd037dc744a40b0681\",\"name\":\"Anton Nik\",\"image\":{\"@type\":\"ImageObject\",\"inLanguage\":\"de\",\"@id\":\"https:\\\/\\\/metalica.lu\\\/wp-content\\\/litespeed\\\/avatar\\\/4f6f8c8f622e84309672684d781329d5.jpg?ver=1777307118\",\"url\":\"https:\\\/\\\/metalica.lu\\\/wp-content\\\/litespeed\\\/avatar\\\/4f6f8c8f622e84309672684d781329d5.jpg?ver=1777307118\",\"contentUrl\":\"https:\\\/\\\/metalica.lu\\\/wp-content\\\/litespeed\\\/avatar\\\/4f6f8c8f622e84309672684d781329d5.jpg?ver=1777307118\",\"caption\":\"Anton Nik\"},\"sameAs\":[\"https:\\\/\\\/metalica.lu\"],\"url\":\"https:\\\/\\\/metalica.lu\\\/de\\\/author\\\/anton\\\/\"}]}<\/script>\n<!-- \/ Yoast SEO Premium plugin. -->","yoast_head_json":{"title":"Acquisition du Centre d'Usinage Emmegi Quadra l2 - Metalica","robots":{"index":"index","follow":"follow","max-snippet":"max-snippet:-1","max-image-preview":"max-image-preview:large","max-video-preview":"max-video-preview:-1"},"canonical":"https:\/\/metalica.lu\/de\/acquisition-centre-usinage-emmegi-quadra-l2\/","og_locale":"de_DE","og_type":"article","og_title":"Acquisition du Centre d'Usinage Emmegi Quadra l2","og_description":"Pour maintenir notre niveau de qualit\u00e9 garanti par les certifications ISO 9001 \u2013 2015 et EN 1090, nous avons \u00e0 c\u0153ur, chez Metalica, de toujours rester \u00e0 la pointe de l&#8217;innovation. C&#8217;est pourquoi nous avons r\u00e9alis\u00e9 l&#8217;acquisition du centre d&#8217;usinage Emmegi Quadra l2. Plus performante et plus rapide, cette machine nous permet d&#8217;\u00e9lever la qualit\u00e9 [&hellip;]","og_url":"https:\/\/metalica.lu\/de\/acquisition-centre-usinage-emmegi-quadra-l2\/","og_site_name":"Metalica","article_publisher":"https:\/\/www.facebook.com\/metalicahome\/","article_published_time":"2021-05-31T05:00:09+00:00","article_modified_time":"2026-04-07T05:54:12+00:00","og_image":[{"width":750,"height":750,"url":"https:\/\/metalica.lu\/wp-content\/uploads\/2023\/09\/entretenir-les-joints-des-portes-et-fenetres-metalica-services.jpg","type":"image\/jpeg"}],"author":"Anton Nik","twitter_card":"summary_large_image","twitter_misc":{"Verfasst von":"Anton Nik","Gesch\u00e4tzte Lesezeit":"3\u00a0Minuten"},"schema":{"@context":"https:\/\/schema.org","@graph":[{"@type":"Article","@id":"https:\/\/metalica.lu\/de\/acquisition-centre-usinage-emmegi-quadra-l2\/#article","isPartOf":{"@id":"https:\/\/metalica.lu\/de\/acquisition-centre-usinage-emmegi-quadra-l2\/"},"author":{"name":"Anton Nik","@id":"https:\/\/metalica.lu\/de\/#\/schema\/person\/98a2df906fbee4dd037dc744a40b0681"},"headline":"Acquisition du Centre d&#8217;Usinage Emmegi Quadra l2","datePublished":"2021-05-31T05:00:09+00:00","dateModified":"2026-04-07T05:54:12+00:00","mainEntityOfPage":{"@id":"https:\/\/metalica.lu\/de\/acquisition-centre-usinage-emmegi-quadra-l2\/"},"wordCount":585,"publisher":{"@id":"https:\/\/metalica.lu\/de\/#organization"},"image":{"@id":"https:\/\/metalica.lu\/de\/acquisition-centre-usinage-emmegi-quadra-l2\/#primaryimage"},"thumbnailUrl":"https:\/\/metalica.lu\/wp-content\/uploads\/2023\/09\/entretenir-les-joints-des-portes-et-fenetres-metalica-services.jpg","articleSection":["blog"],"inLanguage":"de"},{"@type":"WebPage","@id":"https:\/\/metalica.lu\/de\/acquisition-centre-usinage-emmegi-quadra-l2\/","url":"https:\/\/metalica.lu\/de\/acquisition-centre-usinage-emmegi-quadra-l2\/","name":"Acquisition du Centre d'Usinage Emmegi Quadra l2 - Metalica","isPartOf":{"@id":"https:\/\/metalica.lu\/de\/#website"},"primaryImageOfPage":{"@id":"https:\/\/metalica.lu\/de\/acquisition-centre-usinage-emmegi-quadra-l2\/#primaryimage"},"image":{"@id":"https:\/\/metalica.lu\/de\/acquisition-centre-usinage-emmegi-quadra-l2\/#primaryimage"},"thumbnailUrl":"https:\/\/metalica.lu\/wp-content\/uploads\/2023\/09\/entretenir-les-joints-des-portes-et-fenetres-metalica-services.jpg","datePublished":"2021-05-31T05:00:09+00:00","dateModified":"2026-04-07T05:54:12+00:00","breadcrumb":{"@id":"https:\/\/metalica.lu\/de\/acquisition-centre-usinage-emmegi-quadra-l2\/#breadcrumb"},"inLanguage":"de","potentialAction":[{"@type":"ReadAction","target":["https:\/\/metalica.lu\/de\/acquisition-centre-usinage-emmegi-quadra-l2\/"]}]},{"@type":"ImageObject","inLanguage":"de","@id":"https:\/\/metalica.lu\/de\/acquisition-centre-usinage-emmegi-quadra-l2\/#primaryimage","url":"https:\/\/metalica.lu\/wp-content\/uploads\/2023\/09\/entretenir-les-joints-des-portes-et-fenetres-metalica-services.jpg","contentUrl":"https:\/\/metalica.lu\/wp-content\/uploads\/2023\/09\/entretenir-les-joints-des-portes-et-fenetres-metalica-services.jpg","width":750,"height":750},{"@type":"BreadcrumbList","@id":"https:\/\/metalica.lu\/de\/acquisition-centre-usinage-emmegi-quadra-l2\/#breadcrumb","itemListElement":[{"@type":"ListItem","position":1,"name":"Accueil","item":"https:\/\/metalica.lu\/de\/"},{"@type":"ListItem","position":2,"name":"Acquisition du Centre d&#8217;Usinage Emmegi Quadra l2"}]},{"@type":"WebSite","@id":"https:\/\/metalica.lu\/de\/#website","url":"https:\/\/metalica.lu\/de\/","name":"Metalica","description":"","publisher":{"@id":"https:\/\/metalica.lu\/de\/#organization"},"potentialAction":[{"@type":"SearchAction","target":{"@type":"EntryPoint","urlTemplate":"https:\/\/metalica.lu\/de\/?s={search_term_string}"},"query-input":{"@type":"PropertyValueSpecification","valueRequired":true,"valueName":"search_term_string"}}],"inLanguage":"de"},{"@type":"Organization","@id":"https:\/\/metalica.lu\/de\/#organization","name":"Metalica","url":"https:\/\/metalica.lu\/de\/","logo":{"@type":"ImageObject","inLanguage":"de","@id":"https:\/\/metalica.lu\/de\/#\/schema\/logo\/image\/","url":"https:\/\/metalica.lu\/wp-content\/uploads\/2024\/05\/site-logo.png","contentUrl":"https:\/\/metalica.lu\/wp-content\/uploads\/2024\/05\/site-logo.png","width":238,"height":62,"caption":"Metalica"},"image":{"@id":"https:\/\/metalica.lu\/de\/#\/schema\/logo\/image\/"},"sameAs":["https:\/\/www.facebook.com\/metalicahome\/"]},{"@type":"Person","@id":"https:\/\/metalica.lu\/de\/#\/schema\/person\/98a2df906fbee4dd037dc744a40b0681","name":"Anton Nik","image":{"@type":"ImageObject","inLanguage":"de","@id":"https:\/\/metalica.lu\/wp-content\/litespeed\/avatar\/4f6f8c8f622e84309672684d781329d5.jpg?ver=1777307118","url":"https:\/\/metalica.lu\/wp-content\/litespeed\/avatar\/4f6f8c8f622e84309672684d781329d5.jpg?ver=1777307118","contentUrl":"https:\/\/metalica.lu\/wp-content\/litespeed\/avatar\/4f6f8c8f622e84309672684d781329d5.jpg?ver=1777307118","caption":"Anton Nik"},"sameAs":["https:\/\/metalica.lu"],"url":"https:\/\/metalica.lu\/de\/author\/anton\/"}]}},"_links":{"self":[{"href":"https:\/\/metalica.lu\/de\/wp-json\/wp\/v2\/posts\/7094","targetHints":{"allow":["GET"]}}],"collection":[{"href":"https:\/\/metalica.lu\/de\/wp-json\/wp\/v2\/posts"}],"about":[{"href":"https:\/\/metalica.lu\/de\/wp-json\/wp\/v2\/types\/post"}],"author":[{"embeddable":true,"href":"https:\/\/metalica.lu\/de\/wp-json\/wp\/v2\/users\/1"}],"replies":[{"embeddable":true,"href":"https:\/\/metalica.lu\/de\/wp-json\/wp\/v2\/comments?post=7094"}],"version-history":[{"count":1,"href":"https:\/\/metalica.lu\/de\/wp-json\/wp\/v2\/posts\/7094\/revisions"}],"predecessor-version":[{"id":8932,"href":"https:\/\/metalica.lu\/de\/wp-json\/wp\/v2\/posts\/7094\/revisions\/8932"}],"wp:featuredmedia":[{"embeddable":true,"href":"https:\/\/metalica.lu\/de\/wp-json\/wp\/v2\/media\/2553"}],"wp:attachment":[{"href":"https:\/\/metalica.lu\/de\/wp-json\/wp\/v2\/media?parent=7094"}],"wp:term":[{"taxonomy":"category","embeddable":true,"href":"https:\/\/metalica.lu\/de\/wp-json\/wp\/v2\/categories?post=7094"},{"taxonomy":"post_tag","embeddable":true,"href":"https:\/\/metalica.lu\/de\/wp-json\/wp\/v2\/tags?post=7094"}],"curies":[{"name":"wp","href":"https:\/\/api.w.org\/{rel}","templated":true}]}}