{"id":7091,"date":"2021-07-12T07:00:47","date_gmt":"2021-07-12T05:00:47","guid":{"rendered":"https:\/\/metalica.lu\/blog\/aides-my-energy-menuiseries-exterieures\/"},"modified":"2026-04-07T07:54:07","modified_gmt":"2026-04-07T05:54:07","slug":"aides-my-energy-menuiseries-exterieures","status":"publish","type":"post","link":"https:\/\/metalica.lu\/de\/aides-my-energy-menuiseries-exterieures\/","title":{"rendered":"Quelles Aides MyEnergy pour les Menuiseries Ext\u00e9rieures ?"},"content":{"rendered":"<p>Pr\u00eat \u00e0 vous lancer dans <b>la r\u00e9novation \u00e9nerg\u00e9tique ou la construction de votre logement\u00a0<\/b>? Que ce dernier soit neuf ou ancien, une attention particuli\u00e8re doit \u00eatre apport\u00e9e \u00e0 l&#8217;<b>isolation thermique<\/b>. Ainsi, pour avoir de bonnes performances, choisir les bons mat\u00e9riaux s&#8217;av\u00e8re essentiel. Toutefois, ces derniers peuvent vite se r\u00e9v\u00e9ler co\u00fbteux&#8230; Heureusement, <b>il existe des aides MyEnergy pour les menuiseries ext\u00e9rieures.<\/b><\/p>\n<h3 class=\"western\"><span style=\"font-size: large;\">Le pr\u00e9financement des travaux\u00a0: le pr\u00eat climatique<\/span><\/h3>\n<p><span style=\"font-size: medium;\">Vous \u00eates en possession d&#8217;un <\/span><span style=\"font-size: medium;\"><b>bien immobilier ancien<\/b><\/span><span style=\"font-size: medium;\">\u00a0? Avant m\u00eame de vous lancer dans vos travaux, vous pouvez contracter un <\/span><span style=\"font-size: medium;\"><b>pr\u00eat climatique.<\/b><\/span><span style=\"font-size: medium;\"> Ce dernier a pour but de pousser les particuliers \u00e0 r\u00e9nover de mani\u00e8re durable les logements de plus de 10 ans.<\/span><\/p>\n<h3 class=\"western\">Le pr\u00eat climatique \u00e0 taux z\u00e9ro<\/h3>\n<p>Pour avoir droit \u00e0 un pr\u00eat climatique \u00e0 taux z\u00e9ro, il faut avant tout \u00eatre un m\u00e9nage qui respectent les conditions socio-\u00e9conomiques indiqu\u00e9es dans la <span style=\"color: #000080;\"><span lang=\"zxx\"><u><a href=\"https:\/\/logement.public.lu\/dam-assets\/documents\/legislation\/lois\/AIDE-LOI-modifiee-du-25-02-1979.pdf\" target=\"_blank\" rel=\"noopener\">loi modifi\u00e9e du 25 f\u00e9vrier 1979.<\/a><\/u><\/span><\/span><\/p>\n<p>La prise en charge de la demande se fait alors via le minist\u00e8re du Logement.<\/p>\n<p>Le montant du pr\u00eat est, au maximum, de <b>50 000 \u20ac sur 15 ans<\/b>. Il est garanti par l&#8217;<span style=\"font-family: Times New Roman, serif;\">\u00c9<\/span>tat, ce qui permet \u00e0 des m\u00e9nages \u00e0 revenu modeste d&#8217;obtenir plus facilement un cr\u00e9dit aupr\u00e8s d&#8217;une banque. Celle-ci doit n\u00e9anmoins \u00eatre conventionn\u00e9e pour pouvoir vous accorder cette aide\u00a0: renseignez-vous bien en amont\u00a0!<\/p>\n<h3 class=\"western\">Le pr\u00eat climatique \u00e0 taux r\u00e9duit<\/h3>\n<p>Dans le cas o\u00f9 vous ne respectez pas les conditions socio-\u00e9conomiques susmentionn\u00e9es, vous pourrez tout de m\u00eame b\u00e9n\u00e9ficier d&#8217;un pr\u00eat \u00e0 taux r\u00e9duit. Pour cela, vous devez poss\u00e9der un logement de plus de 10 ans au Luxembourg.<\/p>\n<p>Le pr\u00eat est limit\u00e9 \u00e0 <b>100 000 \u20ac par logement sur 15 ans<\/b> au maximum. Les int\u00e9r\u00eats sont de 1,5 %.<\/p>\n<h2 class=\"western\">Autres aides MyEnergy pour les menuiseries ext\u00e9rieures : le programme PRIMe House<\/h2>\n<h3 class=\"western\"><span style=\"font-size: large;\">Que sont les PRIMe House\u00a0?<\/span><\/h3>\n<p>Que vous soyez une personne physique ou morale, vous pouvez avoir droit \u00e0 un autre type d&#8217;aide\u00a0: les PRIMe House. Ces derni\u00e8res visent \u00e0 <b>financer des biens immobiliers plus durables<\/b>, ainsi que la mise en place d&#8217;\u00e9nergies renouvelables.<\/p>\n<p>Pour pouvoir en profiter, vous devez avant tout certifier que votre maison ou appartement dispose, apr\u00e8s r\u00e9novation ou construction, d&#8217;un certain nombre de crit\u00e8res d\u00e9crits par la certification LENOZ. La subvention PRIMe House est alors admise avec un <b>plafond \u00e0 24 000 \u20ac<\/b> <b>pour une maison de 150 m\u00b2 au maximum.<\/b><\/p>\n<p>Originellement valable pour les logements ayant eu une autorisation de construction avant le 31 d\u00e9cembre 2020, <span style=\"color: #000080;\"><span lang=\"zxx\"><u><a href=\"http:\/\/legilux.public.lu\/eli\/etat\/leg\/loi\/2020\/06\/20\/a513\/jo\">une loi luxembourgeoise en a prolong\u00e9 la validit\u00e9.<\/a><\/u><\/span><\/span><\/p>\n<p>Ainsi, l&#8217;autorisation de b\u00e2tir doit \u00eatre fournie avant le 31 d\u00e9cembre 2021 et les travaux finis avant le 31 d\u00e9cembre 2024\u00a0: ce sont les Clever Primes.<\/p>\n<h3 class=\"western\">Les Clever Primes<\/h3>\n<p><span style=\"font-size: large;\">P<\/span>lus sp\u00e9cifiquement, le Clever Wunnen est destin\u00e9 \u00e0 la <b>r\u00e9novation \u00e9nerg\u00e9tique d&#8217;un logement<\/b>. Vous comptez changer de portes et de fen\u00eatres avant le 31 d\u00e9cembre 2021\u00a0? Dans ce cas, vous b\u00e9n\u00e9ficiez d&#8217;une <b>augmentation de 50 % des aides PRIMe House<\/b>\u00a0!<\/p>\n<p>Ainsi, pour les <a href=\"\/blog\/quelles-aides-changement-fenetres\/\" target=\"_blank\" rel=\"noopener\">fen\u00eatres<\/a> et portes-fen\u00eatres, c&#8217;est une aide de 78 \u20ac \/ m\u00b2 r\u00e9nov\u00e9 (au lieu de 52 \u20ac \/ m\u00b2) qui pourrait vous \u00eatre accord\u00e9e (dans le cas d&#8217;un standard de performance I)\u00a0!<\/p>\n<p>Vous souhaitez en savoir plus\u00a0? Vous aimeriez avoir une id\u00e9e plus pr\u00e9cise des aides auxquelles vous avez droit\u00a0? N&#8217;h\u00e9sitez pas \u00e0 nous contacter\u00a0: nos \u00e9quipes veilleront \u00e0 vous apporter les meilleurs conseils\u00a0! Vous pouvez \u00e9galement r\u00e9aliser une premi\u00e8re estimation \u00e0 l&#8217;aide de <span style=\"color: #000080;\"><span lang=\"zxx\"><u><a href=\"https:\/\/www.myenergy.lu\/fr\/particuliers\/logement-existant-renovation\/myrenovation\" target=\"_blank\" rel=\"noopener\">myrenovation<\/a><\/u><\/span><\/span>.<\/p>\n","protected":false},"excerpt":{"rendered":"<p>Pr\u00eat \u00e0 vous lancer dans la r\u00e9novation \u00e9nerg\u00e9tique ou la construction de votre logement\u00a0? Que ce dernier soit neuf ou ancien, une attention particuli\u00e8re doit \u00eatre apport\u00e9e \u00e0 l&#8217;isolation thermique. Ainsi, pour avoir de bonnes performances, choisir les bons mat\u00e9riaux s&#8217;av\u00e8re essentiel. Toutefois, ces derniers peuvent vite se r\u00e9v\u00e9ler co\u00fbteux&#8230; Heureusement, il existe des aides [&hellip;]<\/p>\n","protected":false},"author":1,"featured_media":2567,"comment_status":"closed","ping_status":"closed","sticky":false,"template":"","format":"standard","meta":{"_acf_changed":false,"footnotes":""},"categories":[114],"tags":[],"class_list":["post-7091","post","type-post","status-publish","format-standard","has-post-thumbnail","hentry","category-blog-de"],"acf":[],"yoast_head":"<!-- This site is optimized with the Yoast SEO Premium plugin v27.2 (Yoast SEO v27.5) - https:\/\/yoast.com\/product\/yoast-seo-premium-wordpress\/ -->\n<title>Quelles Aides MyEnergy pour les Menuiseries Ext\u00e9rieures ? - Metalica<\/title>\n<meta name=\"robots\" content=\"index, follow, max-snippet:-1, max-image-preview:large, max-video-preview:-1\" \/>\n<link rel=\"canonical\" href=\"https:\/\/metalica.lu\/de\/aides-my-energy-menuiseries-exterieures\/\" \/>\n<meta property=\"og:locale\" content=\"de_DE\" \/>\n<meta property=\"og:type\" content=\"article\" \/>\n<meta property=\"og:title\" content=\"Quelles Aides MyEnergy pour les Menuiseries Ext\u00e9rieures ?\" \/>\n<meta property=\"og:description\" content=\"Pr\u00eat \u00e0 vous lancer dans la r\u00e9novation \u00e9nerg\u00e9tique ou la construction de votre logement\u00a0? Que ce dernier soit neuf ou ancien, une attention particuli\u00e8re doit \u00eatre apport\u00e9e \u00e0 l&#8217;isolation thermique. Ainsi, pour avoir de bonnes performances, choisir les bons mat\u00e9riaux s&#8217;av\u00e8re essentiel. Toutefois, ces derniers peuvent vite se r\u00e9v\u00e9ler co\u00fbteux&#8230; Heureusement, il existe des aides [&hellip;]\" \/>\n<meta property=\"og:url\" content=\"https:\/\/metalica.lu\/de\/aides-my-energy-menuiseries-exterieures\/\" \/>\n<meta property=\"og:site_name\" content=\"Metalica\" \/>\n<meta property=\"article:publisher\" content=\"https:\/\/www.facebook.com\/metalicahome\/\" \/>\n<meta property=\"article:published_time\" content=\"2021-07-12T05:00:47+00:00\" \/>\n<meta property=\"article:modified_time\" content=\"2026-04-07T05:54:07+00:00\" \/>\n<meta property=\"og:image\" content=\"https:\/\/metalica.lu\/wp-content\/uploads\/2023\/09\/aides-changement-fenetres.jpg\" \/>\n\t<meta property=\"og:image:width\" content=\"1503\" \/>\n\t<meta property=\"og:image:height\" content=\"1395\" \/>\n\t<meta property=\"og:image:type\" content=\"image\/jpeg\" \/>\n<meta name=\"author\" content=\"Anton Nik\" \/>\n<meta name=\"twitter:card\" content=\"summary_large_image\" \/>\n<meta name=\"twitter:label1\" content=\"Verfasst von\" \/>\n\t<meta name=\"twitter:data1\" content=\"Anton Nik\" \/>\n\t<meta name=\"twitter:label2\" content=\"Gesch\u00e4tzte Lesezeit\" \/>\n\t<meta name=\"twitter:data2\" content=\"3\u00a0Minuten\" \/>\n<script type=\"application\/ld+json\" class=\"yoast-schema-graph\">{\"@context\":\"https:\\\/\\\/schema.org\",\"@graph\":[{\"@type\":\"Article\",\"@id\":\"https:\\\/\\\/metalica.lu\\\/de\\\/aides-my-energy-menuiseries-exterieures\\\/#article\",\"isPartOf\":{\"@id\":\"https:\\\/\\\/metalica.lu\\\/de\\\/aides-my-energy-menuiseries-exterieures\\\/\"},\"author\":{\"name\":\"Anton Nik\",\"@id\":\"https:\\\/\\\/metalica.lu\\\/de\\\/#\\\/schema\\\/person\\\/98a2df906fbee4dd037dc744a40b0681\"},\"headline\":\"Quelles Aides MyEnergy pour les Menuiseries Ext\u00e9rieures ?\",\"datePublished\":\"2021-07-12T05:00:47+00:00\",\"dateModified\":\"2026-04-07T05:54:07+00:00\",\"mainEntityOfPage\":{\"@id\":\"https:\\\/\\\/metalica.lu\\\/de\\\/aides-my-energy-menuiseries-exterieures\\\/\"},\"wordCount\":598,\"publisher\":{\"@id\":\"https:\\\/\\\/metalica.lu\\\/de\\\/#organization\"},\"image\":{\"@id\":\"https:\\\/\\\/metalica.lu\\\/de\\\/aides-my-energy-menuiseries-exterieures\\\/#primaryimage\"},\"thumbnailUrl\":\"https:\\\/\\\/metalica.lu\\\/wp-content\\\/uploads\\\/2023\\\/09\\\/aides-changement-fenetres.jpg\",\"articleSection\":[\"blog\"],\"inLanguage\":\"de\"},{\"@type\":\"WebPage\",\"@id\":\"https:\\\/\\\/metalica.lu\\\/de\\\/aides-my-energy-menuiseries-exterieures\\\/\",\"url\":\"https:\\\/\\\/metalica.lu\\\/de\\\/aides-my-energy-menuiseries-exterieures\\\/\",\"name\":\"Quelles Aides MyEnergy pour les Menuiseries Ext\u00e9rieures ? - Metalica\",\"isPartOf\":{\"@id\":\"https:\\\/\\\/metalica.lu\\\/de\\\/#website\"},\"primaryImageOfPage\":{\"@id\":\"https:\\\/\\\/metalica.lu\\\/de\\\/aides-my-energy-menuiseries-exterieures\\\/#primaryimage\"},\"image\":{\"@id\":\"https:\\\/\\\/metalica.lu\\\/de\\\/aides-my-energy-menuiseries-exterieures\\\/#primaryimage\"},\"thumbnailUrl\":\"https:\\\/\\\/metalica.lu\\\/wp-content\\\/uploads\\\/2023\\\/09\\\/aides-changement-fenetres.jpg\",\"datePublished\":\"2021-07-12T05:00:47+00:00\",\"dateModified\":\"2026-04-07T05:54:07+00:00\",\"breadcrumb\":{\"@id\":\"https:\\\/\\\/metalica.lu\\\/de\\\/aides-my-energy-menuiseries-exterieures\\\/#breadcrumb\"},\"inLanguage\":\"de\",\"potentialAction\":[{\"@type\":\"ReadAction\",\"target\":[\"https:\\\/\\\/metalica.lu\\\/de\\\/aides-my-energy-menuiseries-exterieures\\\/\"]}]},{\"@type\":\"ImageObject\",\"inLanguage\":\"de\",\"@id\":\"https:\\\/\\\/metalica.lu\\\/de\\\/aides-my-energy-menuiseries-exterieures\\\/#primaryimage\",\"url\":\"https:\\\/\\\/metalica.lu\\\/wp-content\\\/uploads\\\/2023\\\/09\\\/aides-changement-fenetres.jpg\",\"contentUrl\":\"https:\\\/\\\/metalica.lu\\\/wp-content\\\/uploads\\\/2023\\\/09\\\/aides-changement-fenetres.jpg\",\"width\":1503,\"height\":1395},{\"@type\":\"BreadcrumbList\",\"@id\":\"https:\\\/\\\/metalica.lu\\\/de\\\/aides-my-energy-menuiseries-exterieures\\\/#breadcrumb\",\"itemListElement\":[{\"@type\":\"ListItem\",\"position\":1,\"name\":\"Accueil\",\"item\":\"https:\\\/\\\/metalica.lu\\\/de\\\/\"},{\"@type\":\"ListItem\",\"position\":2,\"name\":\"Quelles Aides MyEnergy pour les Menuiseries Ext\u00e9rieures ?\"}]},{\"@type\":\"WebSite\",\"@id\":\"https:\\\/\\\/metalica.lu\\\/de\\\/#website\",\"url\":\"https:\\\/\\\/metalica.lu\\\/de\\\/\",\"name\":\"Metalica\",\"description\":\"\",\"publisher\":{\"@id\":\"https:\\\/\\\/metalica.lu\\\/de\\\/#organization\"},\"potentialAction\":[{\"@type\":\"SearchAction\",\"target\":{\"@type\":\"EntryPoint\",\"urlTemplate\":\"https:\\\/\\\/metalica.lu\\\/de\\\/?s={search_term_string}\"},\"query-input\":{\"@type\":\"PropertyValueSpecification\",\"valueRequired\":true,\"valueName\":\"search_term_string\"}}],\"inLanguage\":\"de\"},{\"@type\":\"Organization\",\"@id\":\"https:\\\/\\\/metalica.lu\\\/de\\\/#organization\",\"name\":\"Metalica\",\"url\":\"https:\\\/\\\/metalica.lu\\\/de\\\/\",\"logo\":{\"@type\":\"ImageObject\",\"inLanguage\":\"de\",\"@id\":\"https:\\\/\\\/metalica.lu\\\/de\\\/#\\\/schema\\\/logo\\\/image\\\/\",\"url\":\"https:\\\/\\\/metalica.lu\\\/wp-content\\\/uploads\\\/2024\\\/05\\\/site-logo.png\",\"contentUrl\":\"https:\\\/\\\/metalica.lu\\\/wp-content\\\/uploads\\\/2024\\\/05\\\/site-logo.png\",\"width\":238,\"height\":62,\"caption\":\"Metalica\"},\"image\":{\"@id\":\"https:\\\/\\\/metalica.lu\\\/de\\\/#\\\/schema\\\/logo\\\/image\\\/\"},\"sameAs\":[\"https:\\\/\\\/www.facebook.com\\\/metalicahome\\\/\"]},{\"@type\":\"Person\",\"@id\":\"https:\\\/\\\/metalica.lu\\\/de\\\/#\\\/schema\\\/person\\\/98a2df906fbee4dd037dc744a40b0681\",\"name\":\"Anton Nik\",\"image\":{\"@type\":\"ImageObject\",\"inLanguage\":\"de\",\"@id\":\"https:\\\/\\\/metalica.lu\\\/wp-content\\\/litespeed\\\/avatar\\\/4f6f8c8f622e84309672684d781329d5.jpg?ver=1777307118\",\"url\":\"https:\\\/\\\/metalica.lu\\\/wp-content\\\/litespeed\\\/avatar\\\/4f6f8c8f622e84309672684d781329d5.jpg?ver=1777307118\",\"contentUrl\":\"https:\\\/\\\/metalica.lu\\\/wp-content\\\/litespeed\\\/avatar\\\/4f6f8c8f622e84309672684d781329d5.jpg?ver=1777307118\",\"caption\":\"Anton Nik\"},\"sameAs\":[\"https:\\\/\\\/metalica.lu\"],\"url\":\"https:\\\/\\\/metalica.lu\\\/de\\\/author\\\/anton\\\/\"}]}<\/script>\n<!-- \/ Yoast SEO Premium plugin. -->","yoast_head_json":{"title":"Quelles Aides MyEnergy pour les Menuiseries Ext\u00e9rieures ? - Metalica","robots":{"index":"index","follow":"follow","max-snippet":"max-snippet:-1","max-image-preview":"max-image-preview:large","max-video-preview":"max-video-preview:-1"},"canonical":"https:\/\/metalica.lu\/de\/aides-my-energy-menuiseries-exterieures\/","og_locale":"de_DE","og_type":"article","og_title":"Quelles Aides MyEnergy pour les Menuiseries Ext\u00e9rieures ?","og_description":"Pr\u00eat \u00e0 vous lancer dans la r\u00e9novation \u00e9nerg\u00e9tique ou la construction de votre logement\u00a0? Que ce dernier soit neuf ou ancien, une attention particuli\u00e8re doit \u00eatre apport\u00e9e \u00e0 l&#8217;isolation thermique. Ainsi, pour avoir de bonnes performances, choisir les bons mat\u00e9riaux s&#8217;av\u00e8re essentiel. Toutefois, ces derniers peuvent vite se r\u00e9v\u00e9ler co\u00fbteux&#8230; Heureusement, il existe des aides [&hellip;]","og_url":"https:\/\/metalica.lu\/de\/aides-my-energy-menuiseries-exterieures\/","og_site_name":"Metalica","article_publisher":"https:\/\/www.facebook.com\/metalicahome\/","article_published_time":"2021-07-12T05:00:47+00:00","article_modified_time":"2026-04-07T05:54:07+00:00","og_image":[{"width":1503,"height":1395,"url":"https:\/\/metalica.lu\/wp-content\/uploads\/2023\/09\/aides-changement-fenetres.jpg","type":"image\/jpeg"}],"author":"Anton Nik","twitter_card":"summary_large_image","twitter_misc":{"Verfasst von":"Anton Nik","Gesch\u00e4tzte Lesezeit":"3\u00a0Minuten"},"schema":{"@context":"https:\/\/schema.org","@graph":[{"@type":"Article","@id":"https:\/\/metalica.lu\/de\/aides-my-energy-menuiseries-exterieures\/#article","isPartOf":{"@id":"https:\/\/metalica.lu\/de\/aides-my-energy-menuiseries-exterieures\/"},"author":{"name":"Anton Nik","@id":"https:\/\/metalica.lu\/de\/#\/schema\/person\/98a2df906fbee4dd037dc744a40b0681"},"headline":"Quelles Aides MyEnergy pour les Menuiseries Ext\u00e9rieures ?","datePublished":"2021-07-12T05:00:47+00:00","dateModified":"2026-04-07T05:54:07+00:00","mainEntityOfPage":{"@id":"https:\/\/metalica.lu\/de\/aides-my-energy-menuiseries-exterieures\/"},"wordCount":598,"publisher":{"@id":"https:\/\/metalica.lu\/de\/#organization"},"image":{"@id":"https:\/\/metalica.lu\/de\/aides-my-energy-menuiseries-exterieures\/#primaryimage"},"thumbnailUrl":"https:\/\/metalica.lu\/wp-content\/uploads\/2023\/09\/aides-changement-fenetres.jpg","articleSection":["blog"],"inLanguage":"de"},{"@type":"WebPage","@id":"https:\/\/metalica.lu\/de\/aides-my-energy-menuiseries-exterieures\/","url":"https:\/\/metalica.lu\/de\/aides-my-energy-menuiseries-exterieures\/","name":"Quelles Aides MyEnergy pour les Menuiseries Ext\u00e9rieures ? - Metalica","isPartOf":{"@id":"https:\/\/metalica.lu\/de\/#website"},"primaryImageOfPage":{"@id":"https:\/\/metalica.lu\/de\/aides-my-energy-menuiseries-exterieures\/#primaryimage"},"image":{"@id":"https:\/\/metalica.lu\/de\/aides-my-energy-menuiseries-exterieures\/#primaryimage"},"thumbnailUrl":"https:\/\/metalica.lu\/wp-content\/uploads\/2023\/09\/aides-changement-fenetres.jpg","datePublished":"2021-07-12T05:00:47+00:00","dateModified":"2026-04-07T05:54:07+00:00","breadcrumb":{"@id":"https:\/\/metalica.lu\/de\/aides-my-energy-menuiseries-exterieures\/#breadcrumb"},"inLanguage":"de","potentialAction":[{"@type":"ReadAction","target":["https:\/\/metalica.lu\/de\/aides-my-energy-menuiseries-exterieures\/"]}]},{"@type":"ImageObject","inLanguage":"de","@id":"https:\/\/metalica.lu\/de\/aides-my-energy-menuiseries-exterieures\/#primaryimage","url":"https:\/\/metalica.lu\/wp-content\/uploads\/2023\/09\/aides-changement-fenetres.jpg","contentUrl":"https:\/\/metalica.lu\/wp-content\/uploads\/2023\/09\/aides-changement-fenetres.jpg","width":1503,"height":1395},{"@type":"BreadcrumbList","@id":"https:\/\/metalica.lu\/de\/aides-my-energy-menuiseries-exterieures\/#breadcrumb","itemListElement":[{"@type":"ListItem","position":1,"name":"Accueil","item":"https:\/\/metalica.lu\/de\/"},{"@type":"ListItem","position":2,"name":"Quelles Aides MyEnergy pour les Menuiseries Ext\u00e9rieures ?"}]},{"@type":"WebSite","@id":"https:\/\/metalica.lu\/de\/#website","url":"https:\/\/metalica.lu\/de\/","name":"Metalica","description":"","publisher":{"@id":"https:\/\/metalica.lu\/de\/#organization"},"potentialAction":[{"@type":"SearchAction","target":{"@type":"EntryPoint","urlTemplate":"https:\/\/metalica.lu\/de\/?s={search_term_string}"},"query-input":{"@type":"PropertyValueSpecification","valueRequired":true,"valueName":"search_term_string"}}],"inLanguage":"de"},{"@type":"Organization","@id":"https:\/\/metalica.lu\/de\/#organization","name":"Metalica","url":"https:\/\/metalica.lu\/de\/","logo":{"@type":"ImageObject","inLanguage":"de","@id":"https:\/\/metalica.lu\/de\/#\/schema\/logo\/image\/","url":"https:\/\/metalica.lu\/wp-content\/uploads\/2024\/05\/site-logo.png","contentUrl":"https:\/\/metalica.lu\/wp-content\/uploads\/2024\/05\/site-logo.png","width":238,"height":62,"caption":"Metalica"},"image":{"@id":"https:\/\/metalica.lu\/de\/#\/schema\/logo\/image\/"},"sameAs":["https:\/\/www.facebook.com\/metalicahome\/"]},{"@type":"Person","@id":"https:\/\/metalica.lu\/de\/#\/schema\/person\/98a2df906fbee4dd037dc744a40b0681","name":"Anton Nik","image":{"@type":"ImageObject","inLanguage":"de","@id":"https:\/\/metalica.lu\/wp-content\/litespeed\/avatar\/4f6f8c8f622e84309672684d781329d5.jpg?ver=1777307118","url":"https:\/\/metalica.lu\/wp-content\/litespeed\/avatar\/4f6f8c8f622e84309672684d781329d5.jpg?ver=1777307118","contentUrl":"https:\/\/metalica.lu\/wp-content\/litespeed\/avatar\/4f6f8c8f622e84309672684d781329d5.jpg?ver=1777307118","caption":"Anton Nik"},"sameAs":["https:\/\/metalica.lu"],"url":"https:\/\/metalica.lu\/de\/author\/anton\/"}]}},"_links":{"self":[{"href":"https:\/\/metalica.lu\/de\/wp-json\/wp\/v2\/posts\/7091","targetHints":{"allow":["GET"]}}],"collection":[{"href":"https:\/\/metalica.lu\/de\/wp-json\/wp\/v2\/posts"}],"about":[{"href":"https:\/\/metalica.lu\/de\/wp-json\/wp\/v2\/types\/post"}],"author":[{"embeddable":true,"href":"https:\/\/metalica.lu\/de\/wp-json\/wp\/v2\/users\/1"}],"replies":[{"embeddable":true,"href":"https:\/\/metalica.lu\/de\/wp-json\/wp\/v2\/comments?post=7091"}],"version-history":[{"count":1,"href":"https:\/\/metalica.lu\/de\/wp-json\/wp\/v2\/posts\/7091\/revisions"}],"predecessor-version":[{"id":8926,"href":"https:\/\/metalica.lu\/de\/wp-json\/wp\/v2\/posts\/7091\/revisions\/8926"}],"wp:featuredmedia":[{"embeddable":true,"href":"https:\/\/metalica.lu\/de\/wp-json\/wp\/v2\/media\/2567"}],"wp:attachment":[{"href":"https:\/\/metalica.lu\/de\/wp-json\/wp\/v2\/media?parent=7091"}],"wp:term":[{"taxonomy":"category","embeddable":true,"href":"https:\/\/metalica.lu\/de\/wp-json\/wp\/v2\/categories?post=7091"},{"taxonomy":"post_tag","embeddable":true,"href":"https:\/\/metalica.lu\/de\/wp-json\/wp\/v2\/tags?post=7091"}],"curies":[{"name":"wp","href":"https:\/\/api.w.org\/{rel}","templated":true}]}}