{"id":7192,"date":"2023-06-06T15:21:21","date_gmt":"2023-06-06T13:21:21","guid":{"rendered":"https:\/\/metalica.lu\/offres-emploi\/installateur-pergolas\/"},"modified":"2024-12-03T09:49:18","modified_gmt":"2024-12-03T08:49:18","slug":"installateur-pergolas","status":"publish","type":"mtlc_job_posting","link":"https:\/\/metalica.lu\/de\/offres-emploi\/installateur-pergolas\/","title":{"rendered":"Installateure f\u00fcr Pergolen und Verandas (M\/W)"},"content":{"rendered":"\n<p>Wir suchen zur Verst\u00e4rkung unserer Teams : <\/p>\n\n<p><strong>Installateure (m\/w) von Pergolen und Veranden<\/strong><\/p>\n\n<ul class=\"wp-block-list\">\n<li>jahrelange Erfahrung in der Montage von Veranden, Pergolen und Markisen<\/li>\n\n\n\n<li>Kenntnisse in der Programmierung von Markisen und elektrischem Zubeh\u00f6r f\u00fcr Winterg\u00e4rten und Pergolen sind von Vorteil.<\/li>\n<\/ul>\n\n<p><\/p>\n\n<p><strong>Ihr Profil<\/strong><\/p>\n\n<ul class=\"wp-block-list\">\n<li>mehrj\u00e4hrige erfolgreiche Erfahrung im Bereich der Tischlerei<\/li>\n\n\n\n<li>Sie sind im Besitz eines F\u00fchrerscheins B<\/li>\n\n\n\n<li>Die Beherrschung mehrerer Sprachen ist von Vorteil<\/li>\n\n\n\n<li>Sinn f\u00fcr Organisation und Verantwortung<\/li>\n\n\n\n<li>Freundlichkeit und Diskretion gegen\u00fcber Kunden<\/li>\n<\/ul>\n\n<p><\/p>\n\n<p><strong>Alle Bewerbungen werden mit gr\u00f6\u00dfter Diskretion behandelt.<\/strong><\/p>\n\n<p>Wenn Sie dynamisch und motiviert sind, in einer wachsenden Gruppe zu arbeiten, dann senden Sie uns Ihre Bewerbung per Post oder E-Mail.<\/p>\n","protected":false},"excerpt":{"rendered":"<p>Wir suchen zur Verst\u00e4rkung unserer Teams : Installateure (m\/w) von Pergolen und Veranden Ihr Profil Alle Bewerbungen werden mit gr\u00f6\u00dfter Diskretion behandelt. Wenn Sie dynamisch und motiviert sind, in einer wachsenden Gruppe zu arbeiten, dann senden Sie uns Ihre Bewerbung per Post oder E-Mail.<\/p>\n","protected":false},"author":4,"template":"","meta":{"_acf_changed":false},"class_list":["post-7192","mtlc_job_posting","type-mtlc_job_posting","status-publish","hentry"],"acf":[],"yoast_head":"<!-- This site is optimized with the Yoast SEO Premium plugin v27.2 (Yoast SEO v27.5) - https:\/\/yoast.com\/product\/yoast-seo-premium-wordpress\/ -->\n<title>Installateure f\u00fcr Pergolen und Verandas (M\/W) - Metalica<\/title>\n<meta name=\"robots\" content=\"index, follow, max-snippet:-1, max-image-preview:large, max-video-preview:-1\" \/>\n<link rel=\"canonical\" href=\"https:\/\/metalica.lu\/de\/offres-emploi\/installateur-pergolas\/\" \/>\n<meta property=\"og:locale\" content=\"de_DE\" \/>\n<meta property=\"og:type\" content=\"article\" \/>\n<meta property=\"og:title\" content=\"Installateure f\u00fcr Pergolen und Verandas (M\/W)\" \/>\n<meta property=\"og:description\" content=\"Wir suchen zur Verst\u00e4rkung unserer Teams : Installateure (m\/w) von Pergolen und Veranden Ihr Profil Alle Bewerbungen werden mit gr\u00f6\u00dfter Diskretion behandelt. Wenn Sie dynamisch und motiviert sind, in einer wachsenden Gruppe zu arbeiten, dann senden Sie uns Ihre Bewerbung per Post oder E-Mail.\" \/>\n<meta property=\"og:url\" content=\"https:\/\/metalica.lu\/de\/offres-emploi\/installateur-pergolas\/\" \/>\n<meta property=\"og:site_name\" content=\"Metalica\" \/>\n<meta property=\"article:publisher\" content=\"https:\/\/www.facebook.com\/metalicahome\/\" \/>\n<meta property=\"article:modified_time\" content=\"2024-12-03T08:49:18+00:00\" \/>\n<meta name=\"twitter:card\" content=\"summary_large_image\" \/>\n<meta name=\"twitter:label1\" content=\"Gesch\u00e4tzte Lesezeit\" \/>\n\t<meta name=\"twitter:data1\" content=\"1\u00a0Minute\" \/>\n<script type=\"application\/ld+json\" class=\"yoast-schema-graph\">{\"@context\":\"https:\\\/\\\/schema.org\",\"@graph\":[{\"@type\":\"WebPage\",\"@id\":\"https:\\\/\\\/metalica.lu\\\/de\\\/offres-emploi\\\/installateur-pergolas\\\/\",\"url\":\"https:\\\/\\\/metalica.lu\\\/de\\\/offres-emploi\\\/installateur-pergolas\\\/\",\"name\":\"Installateure f\u00fcr Pergolen und Verandas (M\\\/W) - Metalica\",\"isPartOf\":{\"@id\":\"https:\\\/\\\/metalica.lu\\\/de\\\/#website\"},\"datePublished\":\"2023-06-06T13:21:21+00:00\",\"dateModified\":\"2024-12-03T08:49:18+00:00\",\"breadcrumb\":{\"@id\":\"https:\\\/\\\/metalica.lu\\\/de\\\/offres-emploi\\\/installateur-pergolas\\\/#breadcrumb\"},\"inLanguage\":\"de\",\"potentialAction\":[{\"@type\":\"ReadAction\",\"target\":[\"https:\\\/\\\/metalica.lu\\\/de\\\/offres-emploi\\\/installateur-pergolas\\\/\"]}]},{\"@type\":\"BreadcrumbList\",\"@id\":\"https:\\\/\\\/metalica.lu\\\/de\\\/offres-emploi\\\/installateur-pergolas\\\/#breadcrumb\",\"itemListElement\":[{\"@type\":\"ListItem\",\"position\":1,\"name\":\"Accueil\",\"item\":\"https:\\\/\\\/metalica.lu\\\/de\\\/\"},{\"@type\":\"ListItem\",\"position\":2,\"name\":\"Installateure f\u00fcr Pergolen und Verandas (M\\\/W)\"}]},{\"@type\":\"WebSite\",\"@id\":\"https:\\\/\\\/metalica.lu\\\/de\\\/#website\",\"url\":\"https:\\\/\\\/metalica.lu\\\/de\\\/\",\"name\":\"Metalica\",\"description\":\"\",\"publisher\":{\"@id\":\"https:\\\/\\\/metalica.lu\\\/de\\\/#organization\"},\"potentialAction\":[{\"@type\":\"SearchAction\",\"target\":{\"@type\":\"EntryPoint\",\"urlTemplate\":\"https:\\\/\\\/metalica.lu\\\/de\\\/?s={search_term_string}\"},\"query-input\":{\"@type\":\"PropertyValueSpecification\",\"valueRequired\":true,\"valueName\":\"search_term_string\"}}],\"inLanguage\":\"de\"},{\"@type\":\"Organization\",\"@id\":\"https:\\\/\\\/metalica.lu\\\/de\\\/#organization\",\"name\":\"Metalica\",\"url\":\"https:\\\/\\\/metalica.lu\\\/de\\\/\",\"logo\":{\"@type\":\"ImageObject\",\"inLanguage\":\"de\",\"@id\":\"https:\\\/\\\/metalica.lu\\\/de\\\/#\\\/schema\\\/logo\\\/image\\\/\",\"url\":\"https:\\\/\\\/metalica.lu\\\/wp-content\\\/uploads\\\/2024\\\/05\\\/site-logo.png\",\"contentUrl\":\"https:\\\/\\\/metalica.lu\\\/wp-content\\\/uploads\\\/2024\\\/05\\\/site-logo.png\",\"width\":238,\"height\":62,\"caption\":\"Metalica\"},\"image\":{\"@id\":\"https:\\\/\\\/metalica.lu\\\/de\\\/#\\\/schema\\\/logo\\\/image\\\/\"},\"sameAs\":[\"https:\\\/\\\/www.facebook.com\\\/metalicahome\\\/\"]}]}<\/script>\n<!-- \/ Yoast SEO Premium plugin. -->","yoast_head_json":{"title":"Installateure f\u00fcr Pergolen und Verandas (M\/W) - Metalica","robots":{"index":"index","follow":"follow","max-snippet":"max-snippet:-1","max-image-preview":"max-image-preview:large","max-video-preview":"max-video-preview:-1"},"canonical":"https:\/\/metalica.lu\/de\/offres-emploi\/installateur-pergolas\/","og_locale":"de_DE","og_type":"article","og_title":"Installateure f\u00fcr Pergolen und Verandas (M\/W)","og_description":"Wir suchen zur Verst\u00e4rkung unserer Teams : Installateure (m\/w) von Pergolen und Veranden Ihr Profil Alle Bewerbungen werden mit gr\u00f6\u00dfter Diskretion behandelt. Wenn Sie dynamisch und motiviert sind, in einer wachsenden Gruppe zu arbeiten, dann senden Sie uns Ihre Bewerbung per Post oder E-Mail.","og_url":"https:\/\/metalica.lu\/de\/offres-emploi\/installateur-pergolas\/","og_site_name":"Metalica","article_publisher":"https:\/\/www.facebook.com\/metalicahome\/","article_modified_time":"2024-12-03T08:49:18+00:00","twitter_card":"summary_large_image","twitter_misc":{"Gesch\u00e4tzte Lesezeit":"1\u00a0Minute"},"schema":{"@context":"https:\/\/schema.org","@graph":[{"@type":"WebPage","@id":"https:\/\/metalica.lu\/de\/offres-emploi\/installateur-pergolas\/","url":"https:\/\/metalica.lu\/de\/offres-emploi\/installateur-pergolas\/","name":"Installateure f\u00fcr Pergolen und Verandas (M\/W) - Metalica","isPartOf":{"@id":"https:\/\/metalica.lu\/de\/#website"},"datePublished":"2023-06-06T13:21:21+00:00","dateModified":"2024-12-03T08:49:18+00:00","breadcrumb":{"@id":"https:\/\/metalica.lu\/de\/offres-emploi\/installateur-pergolas\/#breadcrumb"},"inLanguage":"de","potentialAction":[{"@type":"ReadAction","target":["https:\/\/metalica.lu\/de\/offres-emploi\/installateur-pergolas\/"]}]},{"@type":"BreadcrumbList","@id":"https:\/\/metalica.lu\/de\/offres-emploi\/installateur-pergolas\/#breadcrumb","itemListElement":[{"@type":"ListItem","position":1,"name":"Accueil","item":"https:\/\/metalica.lu\/de\/"},{"@type":"ListItem","position":2,"name":"Installateure f\u00fcr Pergolen und Verandas (M\/W)"}]},{"@type":"WebSite","@id":"https:\/\/metalica.lu\/de\/#website","url":"https:\/\/metalica.lu\/de\/","name":"Metalica","description":"","publisher":{"@id":"https:\/\/metalica.lu\/de\/#organization"},"potentialAction":[{"@type":"SearchAction","target":{"@type":"EntryPoint","urlTemplate":"https:\/\/metalica.lu\/de\/?s={search_term_string}"},"query-input":{"@type":"PropertyValueSpecification","valueRequired":true,"valueName":"search_term_string"}}],"inLanguage":"de"},{"@type":"Organization","@id":"https:\/\/metalica.lu\/de\/#organization","name":"Metalica","url":"https:\/\/metalica.lu\/de\/","logo":{"@type":"ImageObject","inLanguage":"de","@id":"https:\/\/metalica.lu\/de\/#\/schema\/logo\/image\/","url":"https:\/\/metalica.lu\/wp-content\/uploads\/2024\/05\/site-logo.png","contentUrl":"https:\/\/metalica.lu\/wp-content\/uploads\/2024\/05\/site-logo.png","width":238,"height":62,"caption":"Metalica"},"image":{"@id":"https:\/\/metalica.lu\/de\/#\/schema\/logo\/image\/"},"sameAs":["https:\/\/www.facebook.com\/metalicahome\/"]}]}},"_links":{"self":[{"href":"https:\/\/metalica.lu\/de\/wp-json\/wp\/v2\/mtlc_job_posting\/7192","targetHints":{"allow":["GET"]}}],"collection":[{"href":"https:\/\/metalica.lu\/de\/wp-json\/wp\/v2\/mtlc_job_posting"}],"about":[{"href":"https:\/\/metalica.lu\/de\/wp-json\/wp\/v2\/types\/mtlc_job_posting"}],"author":[{"embeddable":true,"href":"https:\/\/metalica.lu\/de\/wp-json\/wp\/v2\/users\/4"}],"wp:attachment":[{"href":"https:\/\/metalica.lu\/de\/wp-json\/wp\/v2\/media?parent=7192"}],"curies":[{"name":"wp","href":"https:\/\/api.w.org\/{rel}","templated":true}]}}